{"id":745,"date":"2023-08-30T00:00:00","date_gmt":"2023-08-30T00:00:00","guid":{"rendered":"https:\/\/acuiferoguarani.org\/?p=745"},"modified":"2025-04-28T00:43:52","modified_gmt":"2025-04-28T00:43:52","slug":"mirando-al-futuro-del-sistema-acuifero-guarani-encuentro-en-brasil","status":"publish","type":"post","link":"https:\/\/acuiferoguarani.org\/pt\/mirando-al-futuro-del-sistema-acuifero-guarani-encuentro-en-brasil\/","title":{"rendered":"\"Olhando para o Futuro do Sistema Aqu\u00edfero Guarani\": Encontro no Brasil"},"content":{"rendered":"<p>El evento fue organizado por el Ministerio de Medio Ambiente de Brasil, en alianza con la UNESCO, y tuvo como objeto que las y los participantes pudiesen intercambiar sobre el Sistema Acu\u00edfero transfronterizo Guaran\u00ed-SAG. El SAG abarca 4 pa\u00edses; Argentina, Brasil, Paraguay y Uruguay.<\/p>\n\n\n\n<p>Particularmente en Brasil, el SAG abarca 8 estados del pa\u00eds: Goi\u00e1s, Mato Grosso, Mato Grosso do Sul, Minas Gerais, Paran\u00e1, Rio Grande do Sul, Santa Catarina y S\u00e3o Paulo. En el Encuentro participaron el Ministerio de Medio Ambiente de Brasil, la Agencia Nacional de Agua, el Servicio Geol\u00f3gico de Brasil, secretarias y recursos h\u00eddricos de los Estados del Guaran\u00ed, representantes de la sociedad civil organizada y de universidades.<\/p>\n\n\n\n<p>El Acu\u00edfero se inserta casi en su totalidad en la Cuenca Hidrogr\u00e1fica del R\u00edo de la Plata. Seg\u00fan la Constituci\u00f3n de Brasil de 1988, los estados conservan el control sobre las aguas subterr\u00e1neas.<\/p>\n\n\n\n<p>Dentro de un enfoque sist\u00e9mico, existen otros acu\u00edferos asociados al guaran\u00ed que deben ser considerados, particularmente Serra-G\u00e9ral y Bauru en el caso del territorio nacional. En general, sus aguas son de excelente calidad y se captan a trav\u00e9s de pozos construidos en zonas urbanas y rurales de un gran n\u00famero de municipios<\/p>\n\n\n\n<p>Iara Bueno GiacominiDirectora de Rehabilitaci\u00f3n de Cuencas Hidrogr\u00e1ficas y Acceso al Agua del Ministerio de Medio Ambiente de Brasil<\/p>\n\n\n\n<p><em>\u201cEn Brasil los municipios definen las normas de uso y ocupaci\u00f3n del suelo, estableciendo \u00e1reas que pueden generar mayores impactos como zonas de producci\u00f3n y asentamientos poblacionales que impermeabilizan el suelo, reducen la recarga de los acu\u00edferos y permiten el acceso a una amplia variedad de sustancias contaminantes, ya sean provenientes de la producci\u00f3n agroindustrial o por la eliminaci\u00f3n de desechos de todo tipo, a menudo sin medidas adecuadas de mitigaci\u00f3n y saneamiento. Por ello es importante este tipo de Encuentros que permiten pensar en c\u00f3mo proteger las \u00e1reas de recarga de estos acu\u00edferos. Esto es fundamental para la seguridad h\u00eddrica de todos los pa\u00edses guaran\u00edes y desde el Ministerio de Medio Ambiente de Brasil estamos comprometidos con este Proyecto\u201d<\/em>, destac\u00f3 Bueno Giacomini.<\/p>\n\n\n\n<figure class=\"wp-block-gallery has-nested-images columns-default is-cropped wp-block-gallery-1 is-layout-flex wp-block-gallery-is-layout-flex\">\n<figure class=\"wp-block-image size-large\"><img fetchpriority=\"high\" decoding=\"async\" width=\"610\" height=\"406\" data-id=\"746\" src=\"https:\/\/acuiferoguarani.org\/wp-content\/uploads\/2025\/01\/Carousel-07.webp\" alt=\"\" class=\"wp-image-746\" srcset=\"https:\/\/acuiferoguarani.org\/wp-content\/uploads\/2025\/01\/Carousel-07.webp 610w, https:\/\/acuiferoguarani.org\/wp-content\/uploads\/2025\/01\/Carousel-07-300x200.webp 300w, https:\/\/acuiferoguarani.org\/wp-content\/uploads\/2025\/01\/Carousel-07-18x12.webp 18w\" sizes=\"(max-width: 610px) 100vw, 610px\" \/><\/figure>\n\n\n\n<figure class=\"wp-block-image size-large\"><img decoding=\"async\" width=\"610\" height=\"406\" data-id=\"747\" src=\"https:\/\/acuiferoguarani.org\/wp-content\/uploads\/2025\/01\/Carousel-08.webp\" alt=\"\" class=\"wp-image-747\" srcset=\"https:\/\/acuiferoguarani.org\/wp-content\/uploads\/2025\/01\/Carousel-08.webp 610w, https:\/\/acuiferoguarani.org\/wp-content\/uploads\/2025\/01\/Carousel-08-300x200.webp 300w, https:\/\/acuiferoguarani.org\/wp-content\/uploads\/2025\/01\/Carousel-08-18x12.webp 18w\" sizes=\"(max-width: 610px) 100vw, 610px\" \/><\/figure>\n\n\n\n<figure class=\"wp-block-image size-large\"><img decoding=\"async\" width=\"610\" height=\"406\" data-id=\"748\" src=\"https:\/\/acuiferoguarani.org\/wp-content\/uploads\/2025\/01\/Carousel-09.webp\" alt=\"\" class=\"wp-image-748\" srcset=\"https:\/\/acuiferoguarani.org\/wp-content\/uploads\/2025\/01\/Carousel-09.webp 610w, https:\/\/acuiferoguarani.org\/wp-content\/uploads\/2025\/01\/Carousel-09-300x200.webp 300w, https:\/\/acuiferoguarani.org\/wp-content\/uploads\/2025\/01\/Carousel-09-18x12.webp 18w\" sizes=\"(max-width: 610px) 100vw, 610px\" \/><\/figure>\n<\/figure>\n\n\n\n<p>Durante el Taller, se repasaron varias instancias del abordaje multi-dimensional del Proyecto.&nbsp;<em>\u201cEl primer d\u00eda se enfoc\u00f3 en escenarios actuales y de futuro del SAG, luego durante el segundo d\u00eda se repasaron las buenas pr\u00e1cticas en el territorio y en la tercera jornada nos centramos en el enfoque en producci\u00f3n de conocimiento y desarrollo de capacidades\u201d,<\/em>&nbsp;destac\u00f3 Ricardo Burg, Coordinador Internacional del Proyecto Porte Medio para la Ejecuci\u00f3n del Plan de Acciones Estrat\u00e9gicas Del Sistema Acu\u00edfero Guarani: Facilitando Acciones Regionales (Ppm\/Pae-Sag).<\/p>\n\n\n\n<p><em>\u00abEl intercambio permiti\u00f3 que los participantes pudiesen conocer el aborde interseccional que estamos realizando en este Proyecto. Entre los diversos temas se encuentran: Gobernanza, gesti\u00f3n p\u00fablica, econom\u00eda, medio ambiente y conservaci\u00f3n, hidrogeolog\u00eda y conocimiento, g\u00e9nero, entre otros que nos permiten ver las distintas dimensiones para la gesti\u00f3n del SAG\u201d,&nbsp;<\/em>destac\u00f3 Burg.<\/p>","protected":false},"excerpt":{"rendered":"<p>El evento fue organizado por el Ministerio de Medio Ambiente de Brasil, en alianza con la UNESCO, y tuvo como [&hellip;]<\/p>","protected":false},"author":1,"featured_media":481,"comment_status":"closed","ping_status":"closed","sticky":false,"template":"","format":"standard","meta":{"site-sidebar-layout":"default","site-content-layout":"","ast-site-content-layout":"default","site-content-style":"default","site-sidebar-style":"default","ast-global-header-display":"","ast-banner-title-visibility":"","ast-main-header-display":"","ast-hfb-above-header-display":"","ast-hfb-below-header-display":"","ast-hfb-mobile-header-display":"","site-post-title":"","ast-breadcrumbs-content":"","ast-featured-img":"","footer-sml-layout":"","ast-disable-related-posts":"","theme-transparent-header-meta":"","adv-header-id-meta":"","stick-header-meta":"","header-above-stick-meta":"","header-main-stick-meta":"","header-below-stick-meta":"","astra-migrate-meta-layouts":"default","ast-page-background-enabled":"default","ast-page-background-meta":{"desktop":{"background-color":"var(--ast-global-color-5)","background-image":"","background-repeat":"repeat","background-position":"center center","background-size":"auto","background-attachment":"scroll","background-type":"","background-media":"","overlay-type":"","overlay-color":"","overlay-opacity":"","overlay-gradient":""},"tablet":{"background-color":"","background-image":"","background-repeat":"repeat","background-position":"center center","background-size":"auto","background-attachment":"scroll","background-type":"","background-media":"","overlay-type":"","overlay-color":"","overlay-opacity":"","overlay-gradient":""},"mobile":{"background-color":"","background-image":"","background-repeat":"repeat","background-position":"center center","background-size":"auto","background-attachment":"scroll","background-type":"","background-media":"","overlay-type":"","overlay-color":"","overlay-opacity":"","overlay-gradient":""}},"ast-content-background-meta":{"desktop":{"background-color":"var(--ast-global-color-4)","background-image":"","background-repeat":"repeat","background-position":"center center","background-size":"auto","background-attachment":"scroll","background-type":"","background-media":"","overlay-type":"","overlay-color":"","overlay-opacity":"","overlay-gradient":""},"tablet":{"background-color":"var(--ast-global-color-4)","background-image":"","background-repeat":"repeat","background-position":"center center","background-size":"auto","background-attachment":"scroll","background-type":"","background-media":"","overlay-type":"","overlay-color":"","overlay-opacity":"","overlay-gradient":""},"mobile":{"background-color":"var(--ast-global-color-4)","background-image":"","background-repeat":"repeat","background-position":"center center","background-size":"auto","background-attachment":"scroll","background-type":"","background-media":"","overlay-type":"","overlay-color":"","overlay-opacity":"","overlay-gradient":""}},"footnotes":""},"categories":[7,10,9,8],"tags":[],"class_list":["post-745","post","type-post","status-publish","format-standard","has-post-thumbnail","hentry","category-argentina","category-brasil","category-paraguay","category-uruguay"],"_links":{"self":[{"href":"https:\/\/acuiferoguarani.org\/pt\/wp-json\/wp\/v2\/posts\/745","targetHints":{"allow":["GET"]}}],"collection":[{"href":"https:\/\/acuiferoguarani.org\/pt\/wp-json\/wp\/v2\/posts"}],"about":[{"href":"https:\/\/acuiferoguarani.org\/pt\/wp-json\/wp\/v2\/types\/post"}],"author":[{"embeddable":true,"href":"https:\/\/acuiferoguarani.org\/pt\/wp-json\/wp\/v2\/users\/1"}],"replies":[{"embeddable":true,"href":"https:\/\/acuiferoguarani.org\/pt\/wp-json\/wp\/v2\/comments?post=745"}],"version-history":[{"count":1,"href":"https:\/\/acuiferoguarani.org\/pt\/wp-json\/wp\/v2\/posts\/745\/revisions"}],"predecessor-version":[{"id":749,"href":"https:\/\/acuiferoguarani.org\/pt\/wp-json\/wp\/v2\/posts\/745\/revisions\/749"}],"wp:featuredmedia":[{"embeddable":true,"href":"https:\/\/acuiferoguarani.org\/pt\/wp-json\/wp\/v2\/media\/481"}],"wp:attachment":[{"href":"https:\/\/acuiferoguarani.org\/pt\/wp-json\/wp\/v2\/media?parent=745"}],"wp:term":[{"taxonomy":"category","embeddable":true,"href":"https:\/\/acuiferoguarani.org\/pt\/wp-json\/wp\/v2\/categories?post=745"},{"taxonomy":"post_tag","embeddable":true,"href":"https:\/\/acuiferoguarani.org\/pt\/wp-json\/wp\/v2\/tags?post=745"}],"curies":[{"name":"wp","href":"https:\/\/api.w.org\/{rel}","templated":true}]}}