{"id":750,"date":"2023-10-05T00:00:00","date_gmt":"2023-10-05T00:00:00","guid":{"rendered":"https:\/\/acuiferoguarani.org\/?p=750"},"modified":"2025-04-28T01:01:00","modified_gmt":"2025-04-28T01:01:00","slug":"avanzando-en-el-conocimiento-del-acuifero-guarani-a-20-anos-del-piloto-concordia-salto","status":"publish","type":"post","link":"https:\/\/acuiferoguarani.org\/pt\/avanzando-en-el-conocimiento-del-acuifero-guarani-a-20-anos-del-piloto-concordia-salto\/","title":{"rendered":"Avan\u00e7ando no conhecimento do Aqu\u00edfero Guarani: 20 anos do Piloto Concordia-Salto"},"content":{"rendered":"<p>El pasado jueves 14 de septiembre de 2023 tuvo lugar en el Centro de Convenciones de la ciudad de Concordia, Argentina, un taller participativo en el marco del Proyecto Porte Medio para la Ejecuci\u00f3n del Plan de Acciones Estrat\u00e9gicas Del Sistema Acu\u00edfero Guarani: Facilitando Acciones Regionales (Ppm\/Pae-Sag).&nbsp;<\/p>\n\n\n\n<p>Durante el Taller, se repasaron varias instancias del abordaje multi-dimensional del Proyecto, contando con la participaci\u00f3n de equipos de trabajo provenientes de los diversos niveles de gobierno (municipal, provincial y federal), as\u00ed como de t\u00e9cnicos, representantes de universidades y de la sociedad civil.&nbsp;<\/p>\n\n\n\n<p><em>\u201cEl di\u00e1logo e intercambio en el marco de estos talleres nos permite seguir definiendo en conjunto los pasos a seguir para el futuro del proyecto y seguir avanzando con determinaci\u00f3n en la gesti\u00f3n transfronteriza del Acu\u00edfero Guaran\u00ed\u201d<\/em>, destac\u00f3 el Intendente de Concordia,&nbsp;<strong>Enrique Cresto<\/strong>.&nbsp;<\/p>\n\n\n\n<p>Por su parte el Director Nacional de Pol\u00edtica H\u00eddrica y Coordinaci\u00f3n Federal, del Ministerio de Obras P\u00fablicas de la Naci\u00f3n, Ing.&nbsp;<strong>Pablo Storani<\/strong>, destac\u00f3 la relevancia de&nbsp;<em>\u201cconocer las buenas pr\u00e1cticas en el territorio que se han realizado en torno al proyecto piloto con el objeto de aprender de ellas e introducir las mejoras necesarias en los nuevos enfoques de gesti\u00f3n de aguas transfronterizas\u201d.&nbsp;<\/em><\/p>\n\n\n\n<p>La instancia ten\u00eda como objetivos Identificar y sistematizar los factores que dan cuenta de la sostenibilidad de la operatoria del sitio piloto Concordia-Salto post-proyecto, a su vez explorar opciones para la incorporaci\u00f3n efectiva de las tem\u00e1ticas del cambio clim\u00e1tico y los servicios ecosist\u00e9micos en la gesti\u00f3n del sitio piloto y reflexionar en forma conjunta sobre la transversalizaci\u00f3n de la perspectiva de g\u00e9nero en la gesti\u00f3n del sitio piloto.<\/p>\n\n\n\n<figure class=\"wp-block-gallery has-nested-images columns-default is-cropped wp-block-gallery-1 is-layout-flex wp-block-gallery-is-layout-flex\">\n<figure class=\"wp-block-image size-large\"><img fetchpriority=\"high\" decoding=\"async\" width=\"610\" height=\"406\" data-id=\"751\" src=\"https:\/\/acuiferoguarani.org\/wp-content\/uploads\/2025\/01\/Carousel-10.webp\" alt=\"\" class=\"wp-image-751\" srcset=\"https:\/\/acuiferoguarani.org\/wp-content\/uploads\/2025\/01\/Carousel-10.webp 610w, https:\/\/acuiferoguarani.org\/wp-content\/uploads\/2025\/01\/Carousel-10-300x200.webp 300w, https:\/\/acuiferoguarani.org\/wp-content\/uploads\/2025\/01\/Carousel-10-18x12.webp 18w\" sizes=\"(max-width: 610px) 100vw, 610px\" \/><\/figure>\n\n\n\n<figure class=\"wp-block-image size-large\"><img decoding=\"async\" width=\"610\" height=\"406\" data-id=\"752\" src=\"https:\/\/acuiferoguarani.org\/wp-content\/uploads\/2025\/01\/Carousel-11.webp\" alt=\"\" class=\"wp-image-752\" srcset=\"https:\/\/acuiferoguarani.org\/wp-content\/uploads\/2025\/01\/Carousel-11.webp 610w, https:\/\/acuiferoguarani.org\/wp-content\/uploads\/2025\/01\/Carousel-11-300x200.webp 300w, https:\/\/acuiferoguarani.org\/wp-content\/uploads\/2025\/01\/Carousel-11-18x12.webp 18w\" sizes=\"(max-width: 610px) 100vw, 610px\" \/><\/figure>\n<\/figure>\n\n\n\n<p>Participaron del primer panel de apertura: El Intendente de Concordia,&nbsp;<strong>Enrique Cresto<\/strong>, la Secretar\u00eda de Obras P\u00fablicas del Municipio de Concordia,&nbsp;<strong>Mireya L\u00f3pez Berni<\/strong>, el Director de Hidr\u00e1ulica de Entre R\u00edos, Ing.&nbsp;<strong>Cristian Gietz<\/strong>&nbsp;y el Director Nacional de Pol\u00edtica H\u00eddrica y Coordinaci\u00f3n Federal, del Ministerio de Obras P\u00fablicas de la Naci\u00f3n, Ing.&nbsp;<strong>Pablo Storani<\/strong>.&nbsp;<\/p>\n\n\n\n<p>Todas las autoridades resaltaron el rol del piloto Concordia-Salto en estos 20 a\u00f1os y el valor que tiene \u00e9ste para el futuro del proyecto.&nbsp;<\/p>\n\n\n\n<p>En el marco de esta actividad tambi\u00e9n particip\u00f3 la Lic.&nbsp;<strong>Estela Solana<\/strong>, Jefe de Departamento Acu\u00edfero Guaran\u00ed, en la Municipalidad de Concordia quien desarrollo la presentaci\u00f3n del Piloto SAG.<\/p>\n\n\n\n<figure class=\"wp-block-gallery has-nested-images columns-default is-cropped wp-block-gallery-2 is-layout-flex wp-block-gallery-is-layout-flex\">\n<figure class=\"wp-block-image size-large\"><img decoding=\"async\" width=\"610\" height=\"406\" data-id=\"753\" src=\"https:\/\/acuiferoguarani.org\/wp-content\/uploads\/2025\/01\/Carousel-12.webp\" alt=\"\" class=\"wp-image-753\" srcset=\"https:\/\/acuiferoguarani.org\/wp-content\/uploads\/2025\/01\/Carousel-12.webp 610w, https:\/\/acuiferoguarani.org\/wp-content\/uploads\/2025\/01\/Carousel-12-300x200.webp 300w, https:\/\/acuiferoguarani.org\/wp-content\/uploads\/2025\/01\/Carousel-12-18x12.webp 18w\" sizes=\"(max-width: 610px) 100vw, 610px\" \/><\/figure>\n\n\n\n<figure class=\"wp-block-image size-large\"><img loading=\"lazy\" decoding=\"async\" width=\"610\" height=\"406\" data-id=\"754\" src=\"https:\/\/acuiferoguarani.org\/wp-content\/uploads\/2025\/01\/Carousel-13.webp\" alt=\"\" class=\"wp-image-754\" srcset=\"https:\/\/acuiferoguarani.org\/wp-content\/uploads\/2025\/01\/Carousel-13.webp 610w, https:\/\/acuiferoguarani.org\/wp-content\/uploads\/2025\/01\/Carousel-13-300x200.webp 300w, https:\/\/acuiferoguarani.org\/wp-content\/uploads\/2025\/01\/Carousel-13-18x12.webp 18w\" sizes=\"(max-width: 610px) 100vw, 610px\" \/><\/figure>\n<\/figure>\n\n\n\n<p>Luego del almuerzo el enfoque continu\u00f3 a cargo de Mariana Gonz\u00e1lez Pirez &#8211; Consultora de g\u00e9nero por PPM-PAE\/SAG sobre \u201cEnfoque de g\u00e9nero e interseccionalidades del SAG\u201d&nbsp;<\/p>\n\n\n\n<p>El evento avanz\u00f3 por la tarde con la palabra de Valeria Gonzalez Wetzel &#8211; Secretar\u00eda de Medio Ambiente de Entre R\u00edos, sobre \u201cPlan Provincial de Cambio Clim\u00e1tico de Entre R\u00edos\u201d.&nbsp;<\/p>\n\n\n\n<p>Pensando en \u201cUna visi\u00f3n a futuro del piloto\u201d los participantes tuvieron la oportunidad de intercambiar sobre los siguientes temas:&nbsp;<\/p>\n\n\n\n<p>a) cambio clim\u00e1tico y servicios ecosist\u00e9micos: preocupaciones, necesidades y fortalezas,&nbsp;<\/p>\n\n\n\n<p>b) Integraci\u00f3n de la perspectiva de g\u00e9nero en el piloto,&nbsp;<\/p>\n\n\n\n<p>c) Fortalecimiento de capacidades y participaci\u00f3n: necesidades de informaci\u00f3n, actores relevantes, temas prioritarios.&nbsp;<\/p>\n\n\n\n<p><em>\u201cSe repasaron los escenarios actuales y de futuro del SAG, las buenas pr\u00e1cticas en el territorio y el enfoque en producci\u00f3n de conocimiento y desarrollo de capacidades\u201d,&nbsp;<\/em>destac\u00f3&nbsp;<strong>Ricardo Burg<\/strong>, Coordinador Internacional del Proyecto Porte Medio para la Ejecuci\u00f3n del Plan de Acciones Estrat\u00e9gicas Del Sistema Acu\u00edfero Guarani: Facilitando Acciones Regionales (Ppm\/Pae-Sag).&nbsp;<\/p>\n\n\n\n<p><em>\u201cEl intercambio permiti\u00f3 que los participantes pudiesen conocer el aborde interseccional que estamos realizando en este Proyecto. Entre los diversos temas se encuentran: Gobernanza, gesti\u00f3n p\u00fablica, econom\u00eda, medio ambiente y conservaci\u00f3n, hidrogeolog\u00eda y conocimiento, g\u00e9nero, entre otros que nos permiten ver las distintas dimensiones para la gesti\u00f3n del SAG\u201d,<\/em>&nbsp;destac\u00f3 Burg.<\/p>","protected":false},"excerpt":{"rendered":"<p>El pasado jueves 14 de septiembre de 2023 tuvo lugar en el Centro de Convenciones de la ciudad de Concordia, [&hellip;]<\/p>","protected":false},"author":1,"featured_media":289,"comment_status":"closed","ping_status":"closed","sticky":false,"template":"","format":"standard","meta":{"site-sidebar-layout":"default","site-content-layout":"","ast-site-content-layout":"default","site-content-style":"default","site-sidebar-style":"default","ast-global-header-display":"","ast-banner-title-visibility":"","ast-main-header-display":"","ast-hfb-above-header-display":"","ast-hfb-below-header-display":"","ast-hfb-mobile-header-display":"","site-post-title":"","ast-breadcrumbs-content":"","ast-featured-img":"","footer-sml-layout":"","ast-disable-related-posts":"","theme-transparent-header-meta":"","adv-header-id-meta":"","stick-header-meta":"","header-above-stick-meta":"","header-main-stick-meta":"","header-below-stick-meta":"","astra-migrate-meta-layouts":"default","ast-page-background-enabled":"default","ast-page-background-meta":{"desktop":{"background-color":"var(--ast-global-color-5)","background-image":"","background-repeat":"repeat","background-position":"center center","background-size":"auto","background-attachment":"scroll","background-type":"","background-media":"","overlay-type":"","overlay-color":"","overlay-opacity":"","overlay-gradient":""},"tablet":{"background-color":"","background-image":"","background-repeat":"repeat","background-position":"center center","background-size":"auto","background-attachment":"scroll","background-type":"","background-media":"","overlay-type":"","overlay-color":"","overlay-opacity":"","overlay-gradient":""},"mobile":{"background-color":"","background-image":"","background-repeat":"repeat","background-position":"center center","background-size":"auto","background-attachment":"scroll","background-type":"","background-media":"","overlay-type":"","overlay-color":"","overlay-opacity":"","overlay-gradient":""}},"ast-content-background-meta":{"desktop":{"background-color":"var(--ast-global-color-4)","background-image":"","background-repeat":"repeat","background-position":"center center","background-size":"auto","background-attachment":"scroll","background-type":"","background-media":"","overlay-type":"","overlay-color":"","overlay-opacity":"","overlay-gradient":""},"tablet":{"background-color":"var(--ast-global-color-4)","background-image":"","background-repeat":"repeat","background-position":"center center","background-size":"auto","background-attachment":"scroll","background-type":"","background-media":"","overlay-type":"","overlay-color":"","overlay-opacity":"","overlay-gradient":""},"mobile":{"background-color":"var(--ast-global-color-4)","background-image":"","background-repeat":"repeat","background-position":"center center","background-size":"auto","background-attachment":"scroll","background-type":"","background-media":"","overlay-type":"","overlay-color":"","overlay-opacity":"","overlay-gradient":""}},"footnotes":""},"categories":[7,10,9,8],"tags":[],"class_list":["post-750","post","type-post","status-publish","format-standard","has-post-thumbnail","hentry","category-argentina","category-brasil","category-paraguay","category-uruguay"],"_links":{"self":[{"href":"https:\/\/acuiferoguarani.org\/pt\/wp-json\/wp\/v2\/posts\/750","targetHints":{"allow":["GET"]}}],"collection":[{"href":"https:\/\/acuiferoguarani.org\/pt\/wp-json\/wp\/v2\/posts"}],"about":[{"href":"https:\/\/acuiferoguarani.org\/pt\/wp-json\/wp\/v2\/types\/post"}],"author":[{"embeddable":true,"href":"https:\/\/acuiferoguarani.org\/pt\/wp-json\/wp\/v2\/users\/1"}],"replies":[{"embeddable":true,"href":"https:\/\/acuiferoguarani.org\/pt\/wp-json\/wp\/v2\/comments?post=750"}],"version-history":[{"count":1,"href":"https:\/\/acuiferoguarani.org\/pt\/wp-json\/wp\/v2\/posts\/750\/revisions"}],"predecessor-version":[{"id":755,"href":"https:\/\/acuiferoguarani.org\/pt\/wp-json\/wp\/v2\/posts\/750\/revisions\/755"}],"wp:featuredmedia":[{"embeddable":true,"href":"https:\/\/acuiferoguarani.org\/pt\/wp-json\/wp\/v2\/media\/289"}],"wp:attachment":[{"href":"https:\/\/acuiferoguarani.org\/pt\/wp-json\/wp\/v2\/media?parent=750"}],"wp:term":[{"taxonomy":"category","embeddable":true,"href":"https:\/\/acuiferoguarani.org\/pt\/wp-json\/wp\/v2\/categories?post=750"},{"taxonomy":"post_tag","embeddable":true,"href":"https:\/\/acuiferoguarani.org\/pt\/wp-json\/wp\/v2\/tags?post=750"}],"curies":[{"name":"wp","href":"https:\/\/api.w.org\/{rel}","templated":true}]}}