{"id":758,"date":"2023-09-25T00:00:00","date_gmt":"2023-09-25T00:00:00","guid":{"rendered":"https:\/\/acuiferoguarani.org\/?p=758"},"modified":"2025-04-27T20:28:35","modified_gmt":"2025-04-27T20:28:35","slug":"aguas-para-el-futuro-cerca-de-20-paises-de-america-se-encontraron-para-consolidar-el-trabajo-conjunto-en-acuiferos-transfronterizos","status":"publish","type":"post","link":"https:\/\/acuiferoguarani.org\/pt\/aguas-para-el-futuro-cerca-de-20-paises-de-america-se-encontraron-para-consolidar-el-trabajo-conjunto-en-acuiferos-transfronterizos\/","title":{"rendered":"\u00c1guas para o Futuro: Cerca de 20 pa\u00edses das Am\u00e9ricas se reuniram para consolidar o trabalho conjunto em aqu\u00edferos transfronteiri\u00e7os"},"content":{"rendered":"<p>En el marco de este seminario se realiz\u00f3 la reuni\u00f3n del programa ISARM, en el que participaron cerca de 20 pa\u00edses de Am\u00e9rica para presentar e intercambiar informaci\u00f3n sobre sus acu\u00edferos transfronterizos.&nbsp;<\/p>\n\n\n\n<p>La Iniciativa global ISARM (Internationally Shared Aquifer Resources Management) es un esfuerzo multi-institucional liderado por el Programa Hidrol\u00f3gico Intergubernamental de la UNESCO y la Asociaci\u00f3n Internacional de Hidroge\u00f3logos para mejorar la comprensi\u00f3n de los problemas cient\u00edficos, socioecon\u00f3micos, jur\u00eddicos, institucionales y ambientales relacionados con la gesti\u00f3n de los acu\u00edferos transfronterizos. Desde 2017 el Programa ISARM Am\u00e9ricas est\u00e1 siendo coordinado por el CeReGAS, centro bajo los auspicios de la UNESCO.&nbsp;<\/p>\n\n\n\n<p>Durante el evento se destac\u00f3 la participaci\u00f3n del Gobernador del Estado de Goi\u00e1s, Ronaldo Caiado, y de la Secretaria de Medio Ambiente, Andr\u00e9a Vulcanis, as\u00ed como otras autoridades estatales y del gobierno federal.&nbsp;<em>\u201cEste Encuentro es una gran oportunidad de intercambio entre los pa\u00edses de nuestra Am\u00e9rica sobre un recurso central y vital para el presente y futuro\u201d,<\/em>&nbsp;destac\u00f3 el Gobernador. El jefe del Ejecutivo de Goi\u00e1s se\u00f1al\u00f3 adem\u00e1s que el Seminario permiti\u00f3 el desarrollo<em>&nbsp;\u201cde un gran debate, en total concordancia con lo que el mundo espera, que es tener agua. Discutir el tema del agua es un gran desaf\u00edo, pero Goi\u00e1s lo hace con gran responsabilidad. Este es un recurso natural fundamental, devastado en muchas partes del mundo. Pero aqu\u00ed en nuestro estado analizaremos c\u00f3mo cuidarlo y preservarlo para el futuro\u201d<\/em>.&nbsp;<\/p>\n\n\n\n<p>Ernesto Fern\u00e1ndez Polcuch, Director Regional de UNESCO en Montevideo, agreg\u00f3 que<em>&nbsp;\u00abtenemos que conocer m\u00e1s, compartir m\u00e1s y cambiar la cultura sobre el agua, ya sea de las aguas subterr\u00e1neas que no vemos, como de las que s\u00ed vemos que est\u00e1n en cuencas, r\u00edos y arroyos\u00bb,<\/em>&nbsp;durante su exposici\u00f3n en el Seminario Internacional.&nbsp;<\/p>\n\n\n\n<p>En esta ocasi\u00f3n se anunci\u00f3 la celebraci\u00f3n del&nbsp;<a href=\"https:\/\/www.forolatinoamericanodelagua.org\/es\" target=\"_blank\" rel=\"noreferrer noopener\"><strong>Foro latinoamericano del Agua<\/strong><\/a>. El Foro es un evento organizado por varias asociaciones que se llevar\u00e1 a cabo los d\u00edas&nbsp;<strong>21 y 22 de noviembre de 2023 en Aracaj\u00fa, Brasil<\/strong>. Su objetivo es fortalecer el di\u00e1logo y la integraci\u00f3n en la toma de decisiones y gobernanza del agua y saneamiento en Am\u00e9rica Latina.<\/p>\n\n\n\n<p>Nosotros en la UNESCO vemos que la paz del futuro se lograr\u00e1 mediante la cooperaci\u00f3n en las aguas. El agua como recurso compartido. Compartido entre comunidades, entre regiones, entre pa\u00edses. Entonces el tema del agua y el futuro est\u00e1n estrechamente relacionados, m\u00e1s a\u00fan en un territorio como el Cerrado donde es necesario cuidar el agua con esmero, especialmente en este contexto de cambio clim\u00e1tico<\/p>\n\n\n\n<p>Ernesto Fern\u00e1ndez PolcuchDirector de la Oficina Regional de UNESCO en Montevideo<\/p>\n\n\n\n<p>Uno de los lugares donde se comparte el agua es precisamente en el Cerrado, el Acu\u00edfero Guaran\u00ed. Es una reserva subterr\u00e1nea de agua dulce que cubre \u00e1reas de Brasil, Argentina, Paraguay y Uruguay.&nbsp;<\/p>\n\n\n\n<p>Es uno de los acu\u00edferos transfronterizos m\u00e1s grandes, si no el m\u00e1s grande, del planeta. La UNESCO, junto con el GEF [Fondo para el Medio Ambiente Mundial] y la CAF (Banco de Desarrollo de Am\u00e9rica Latina) tiene un<em>&nbsp;\u201cproyecto para ayudar a los pa\u00edses a monitorear este acu\u00edfero y compartir y transferir conocimientos e informaci\u00f3n sobre datos hidrol\u00f3gicos. Y tenemos representantes de estos pa\u00edses aqu\u00ed precisamente para eso\u201d<\/em>, explica el Coordinador de Hidrolog\u00eda de la UNESCO, Miguel Doria.&nbsp;<\/p>\n\n\n\n<p>En este sentido, el Informe Mundial sobre el Desarrollo de los Recursos H\u00eddricos 2023, cuyo tema es \u00abAlianzas y Cooperaci\u00f3n\u00bb, muestra que establecer alianzas y mejorar la cooperaci\u00f3n en todas las dimensiones del desarrollo sostenible es esencial para acelerar el avance hacia el logro de los objetivos y metas en materia de agua, record\u00f3 Doria.<\/p>\n\n\n\n<h2 class=\"wp-block-heading\">D\u00eda Nacional del Cerrado<\/h2>\n\n\n\n<p>En Brasil, el 11 de septiembre se celebra el D\u00eda Nacional del Cerrado. Este bioma, el segundo m\u00e1s grande del pa\u00eds, ocupa el 22% del territorio brasile\u00f1o, se extiende por 11 estados, adem\u00e1s del Distrito Federal (DF), y cuenta con voluminosas reservas subterr\u00e1neas de agua dulce.&nbsp;<\/p>\n\n\n\n<p><em>\u00abNo creo que haya nada tan importante como la relaci\u00f3n entre el agua y el futuro. Es muy central y decisiva para el mundo, y el Gobierno de Goi\u00e1s ya ha tomado la iniciativa de pensar en ello. Unir agua y futuro es lo que distingue a este evento\u00bb<\/em>, afirm\u00f3 Ernesto Fern\u00e1ndez Polcuch.<\/p>\n\n\n\n<figure class=\"wp-block-gallery has-nested-images columns-default is-cropped wp-block-gallery-1 is-layout-flex wp-block-gallery-is-layout-flex\">\n<figure class=\"wp-block-image size-large\"><img fetchpriority=\"high\" decoding=\"async\" width=\"610\" height=\"406\" data-id=\"759\" src=\"https:\/\/acuiferoguarani.org\/wp-content\/uploads\/2025\/01\/Carousel-14.webp\" alt=\"\" class=\"wp-image-759\" srcset=\"https:\/\/acuiferoguarani.org\/wp-content\/uploads\/2025\/01\/Carousel-14.webp 610w, https:\/\/acuiferoguarani.org\/wp-content\/uploads\/2025\/01\/Carousel-14-300x200.webp 300w, https:\/\/acuiferoguarani.org\/wp-content\/uploads\/2025\/01\/Carousel-14-18x12.webp 18w\" sizes=\"(max-width: 610px) 100vw, 610px\" \/><\/figure>\n\n\n\n<figure class=\"wp-block-image size-large\"><img decoding=\"async\" width=\"610\" height=\"406\" data-id=\"761\" src=\"https:\/\/acuiferoguarani.org\/wp-content\/uploads\/2025\/01\/Carousel-15.webp\" alt=\"\" class=\"wp-image-761\" srcset=\"https:\/\/acuiferoguarani.org\/wp-content\/uploads\/2025\/01\/Carousel-15.webp 610w, https:\/\/acuiferoguarani.org\/wp-content\/uploads\/2025\/01\/Carousel-15-300x200.webp 300w, https:\/\/acuiferoguarani.org\/wp-content\/uploads\/2025\/01\/Carousel-15-18x12.webp 18w\" sizes=\"(max-width: 610px) 100vw, 610px\" \/><\/figure>\n\n\n\n<figure class=\"wp-block-image size-large\"><img decoding=\"async\" width=\"610\" height=\"406\" data-id=\"760\" src=\"https:\/\/acuiferoguarani.org\/wp-content\/uploads\/2025\/01\/Carousel-16.webp\" alt=\"\" class=\"wp-image-760\" srcset=\"https:\/\/acuiferoguarani.org\/wp-content\/uploads\/2025\/01\/Carousel-16.webp 610w, https:\/\/acuiferoguarani.org\/wp-content\/uploads\/2025\/01\/Carousel-16-300x200.webp 300w, https:\/\/acuiferoguarani.org\/wp-content\/uploads\/2025\/01\/Carousel-16-18x12.webp 18w\" sizes=\"(max-width: 610px) 100vw, 610px\" \/><\/figure>\n<\/figure>\n\n\n\n<h2 class=\"wp-block-heading\">Candidatura del programa \u201cJuntos por el Araguaia\u201d para crear un sitio de ecohidrolog\u00eda de la UNESCO en el R\u00edo Araguaia<\/h2>\n\n\n\n<p>En el marco del desarrollo del Seminario se acord\u00f3 el lanzamiento de la candidatura para crear un sitio de ecohidrolog\u00eda de la UNESCO en el R\u00edo Araguaia.&nbsp;<\/p>\n\n\n\n<p>El objetivo del programa es promover la recuperaci\u00f3n de 10.000 hect\u00e1reas de zonas degradadas en la cuenca del r\u00edo. Juntos por el Araguaia engloba a la poblaci\u00f3n de 28 municipios de los estados de Goi\u00e1s (16 localidades) y Mato Grosso (12), en la Regi\u00f3n Centro-Oeste de Brasil.<\/p>\n\n\n\n<h2 class=\"wp-block-heading\">Sistema Acu\u00edfero Guaran\u00ed \u2013 Un ejemplo de Cooperaci\u00f3n Sur-Sur<\/h2>\n\n\n\n<p>El proyecto Guaran\u00ed refiere al inicio de la implementaci\u00f3n del Plan del Programa Estrat\u00e9gico de Acci\u00f3n del Acu\u00edfero Guaran\u00ed que fue propuesto por los 4 pa\u00edses entre el 2003 y el 2009 p\u00e0ra este importante reservorio de agua subterr\u00e1nea.&nbsp;<\/p>\n\n\n\n<p>Este proyecto tiene una perspectiva y una metodolog\u00eda que involucra dos comit\u00e9s para la resoluci\u00f3n de desaf\u00edos t\u00e9cnicos en la gesti\u00f3n del acu\u00edfero, generando un espacio de di\u00e1logo entre los pa\u00edses y llevando propuestas efectivas para el Comit\u00e9 Director responsable por la toma de decisiones. De esta manera, se busca desarrollar la Cooperaci\u00f3n a partir de un trabajo t\u00e9cnico consistente para subsidiar la toma de decisiones sobre soluciones t\u00e9cnicas, la armonizaci\u00f3n de procesos de monitoreo y modelos para llevar adelante la gesti\u00f3n conjunta del acu\u00edfero transfronterizo.&nbsp;<\/p>\n\n\n\n<p>El proyecto coopera en tres ejes o componentes:&nbsp;<\/p>\n\n\n\n<ol class=\"wp-block-list\">\n<li>la institucionalizaci\u00f3n de la cooperaci\u00f3n, institucionalizando en cada pa\u00eds los mecanismos y estructuras de trabajo y cooperaci\u00f3n;\u00a0<\/li>\n\n\n\n<li>una red inicial de monitoreo para armonizar par\u00e1metros claves de monitoreo de cantidad y calidad de agua y\u00a0<\/li>\n\n\n\n<li>capacitaci\u00f3n, difusi\u00f3n y actualizaci\u00f3n del Programa Estrat\u00e9gico de Acci\u00f3n<\/li>\n<\/ol>\n\n\n\n<h2 class=\"wp-block-heading\">CEREGAS, articulaci\u00f3n de capacidades nacionales e internacionales<\/h2>\n\n\n\n<p>El Centro Regional para la Gesti\u00f3n de Aguas Subterr\u00e1neas en Am\u00e9rica Latina y el Caribe (CeReGAS) tiene como misi\u00f3n articular las capacidades nacionales y regionales para la gesti\u00f3n sustentable de acu\u00edferos y en ese marco viene trabajando con los pa\u00edses de la regi\u00f3n fundamentalmente a trav\u00e9s del Programa ISARM Am\u00e9ricas para la generaci\u00f3n y transferencia de conocimiento relativo a la gesti\u00f3n, protecci\u00f3n y uso racional y sustentable de las aguas subterr\u00e1neas provenientes de Sistemas Acu\u00edferos Transfronterizos.&nbsp;<\/p>\n\n\n\n<p>El grupo de trabajo del programa ISARM Am\u00e9ricas de la UNESCO coordinado por CeReGAS cuenta con representantes de todos los pa\u00edses de las Am\u00e9ricas quienes cooperan entre s\u00ed para el intercambio y actualizaci\u00f3n de la informaci\u00f3n de los Sistemas Acu\u00edferos Transfronterizos de las Am\u00e9ricas de forma tal de conocer la evoluci\u00f3n de dichos sistemas y la necesidad de nueva informaci\u00f3n orientada a la mejora de la gesti\u00f3n a trav\u00e9s de un esfuerzo coordinado.<\/p>\n\n\n\n<h2 class=\"wp-block-heading\">Declaraci\u00f3n de los pa\u00edses miembros de UNESCO ISARM Am\u00e9ricas<\/h2>\n\n\n\n<p>Al finalizar el Encuentro, los pa\u00edses miembros en el grupo de trabajo del programa UNESCO ISARM Am\u00e9ricas, a 20 a\u00f1os de su lanzamiento en la regi\u00f3n, emitieron la siguiente declaraci\u00f3n:&nbsp;<\/p>\n\n\n\n<p>\u201cQue, el Plan Estrat\u00e9gico para la novena fase del Programa Hidrol\u00f3gico lntergubernamental {PHI-IX) que cubre el per\u00edodo 2022-2029, identifica \u00e1reas prioritarias claves en materia de agua subterr\u00e1nea para ayudar a los Estados Miembros a lograr la Agenda 2030 y los Objetivos de Desarrollo Sostenible (ODS), especialmente los 00S 6 relacionados con el agua.&nbsp;<\/p>\n\n\n\n<p>Que, el indicador 6.5.2 calcula la proporci\u00f3n de la superficie de cuencas y acu\u00edferos transfronterizos sujetos a arreglos operacionales para la cooperaci\u00f3n en materia de aguas.&nbsp;<\/p>\n\n\n\n<ul class=\"wp-block-list\">\n<li>Enfatizan la importancia estrat\u00e9gica y cr\u00edtica del agua subterr\u00e1nea para el desarrollo sostenible y la urgencia de garantizar su gesti\u00f3n y gobernanza adecuada, en particular bajo el contexto actual de cambio clim\u00e1tico.\u00a0<\/li>\n\n\n\n<li>Reafirman su voluntad de cooperar para el conocimiento de los recursos h\u00eddricos subterr\u00e1neos entre los pa\u00edses vecinos; y en la preparaci\u00f3n y publicaci\u00f3n de la s\u00edntesis del conocimiento de los Sistemas Acu\u00edferos Transfronterizos en pro de la gesti\u00f3n sostenible, adoptando pol\u00edticas y pr\u00e1cticas que preserven la calidad y cantidad del agua, as\u00ed como su capacidad de regeneraci\u00f3n natural.\u00a0<\/li>\n\n\n\n<li>Ratifican el inter\u00e9s de colaborar con la educaci\u00f3n, divulgaci\u00f3n y la sensibilizaci\u00f3n p\u00fablica sobre la importancia de los sistemas acu\u00edferos transfronterizos y los desaf\u00edos que enfrentan.\u00bb<\/li>\n<\/ul>","protected":false},"excerpt":{"rendered":"<p>En el marco de este seminario se realiz\u00f3 la reuni\u00f3n del programa ISARM, en el que participaron cerca de 20 [&hellip;]<\/p>","protected":false},"author":1,"featured_media":286,"comment_status":"closed","ping_status":"closed","sticky":false,"template":"","format":"standard","meta":{"site-sidebar-layout":"default","site-content-layout":"","ast-site-content-layout":"default","site-content-style":"default","site-sidebar-style":"default","ast-global-header-display":"","ast-banner-title-visibility":"","ast-main-header-display":"","ast-hfb-above-header-display":"","ast-hfb-below-header-display":"","ast-hfb-mobile-header-display":"","site-post-title":"","ast-breadcrumbs-content":"","ast-featured-img":"","footer-sml-layout":"","ast-disable-related-posts":"","theme-transparent-header-meta":"","adv-header-id-meta":"","stick-header-meta":"","header-above-stick-meta":"","header-main-stick-meta":"","header-below-stick-meta":"","astra-migrate-meta-layouts":"default","ast-page-background-enabled":"default","ast-page-background-meta":{"desktop":{"background-color":"var(--ast-global-color-5)","background-image":"","background-repeat":"repeat","background-position":"center center","background-size":"auto","background-attachment":"scroll","background-type":"","background-media":"","overlay-type":"","overlay-color":"","overlay-opacity":"","overlay-gradient":""},"tablet":{"background-color":"","background-image":"","background-repeat":"repeat","background-position":"center center","background-size":"auto","background-attachment":"scroll","background-type":"","background-media":"","overlay-type":"","overlay-color":"","overlay-opacity":"","overlay-gradient":""},"mobile":{"background-color":"","background-image":"","background-repeat":"repeat","background-position":"center center","background-size":"auto","background-attachment":"scroll","background-type":"","background-media":"","overlay-type":"","overlay-color":"","overlay-opacity":"","overlay-gradient":""}},"ast-content-background-meta":{"desktop":{"background-color":"var(--ast-global-color-4)","background-image":"","background-repeat":"repeat","background-position":"center center","background-size":"auto","background-attachment":"scroll","background-type":"","background-media":"","overlay-type":"","overlay-color":"","overlay-opacity":"","overlay-gradient":""},"tablet":{"background-color":"var(--ast-global-color-4)","background-image":"","background-repeat":"repeat","background-position":"center center","background-size":"auto","background-attachment":"scroll","background-type":"","background-media":"","overlay-type":"","overlay-color":"","overlay-opacity":"","overlay-gradient":""},"mobile":{"background-color":"var(--ast-global-color-4)","background-image":"","background-repeat":"repeat","background-position":"center center","background-size":"auto","background-attachment":"scroll","background-type":"","background-media":"","overlay-type":"","overlay-color":"","overlay-opacity":"","overlay-gradient":""}},"footnotes":""},"categories":[1],"tags":[],"class_list":["post-758","post","type-post","status-publish","format-standard","has-post-thumbnail","hentry","category-blog"],"_links":{"self":[{"href":"https:\/\/acuiferoguarani.org\/pt\/wp-json\/wp\/v2\/posts\/758","targetHints":{"allow":["GET"]}}],"collection":[{"href":"https:\/\/acuiferoguarani.org\/pt\/wp-json\/wp\/v2\/posts"}],"about":[{"href":"https:\/\/acuiferoguarani.org\/pt\/wp-json\/wp\/v2\/types\/post"}],"author":[{"embeddable":true,"href":"https:\/\/acuiferoguarani.org\/pt\/wp-json\/wp\/v2\/users\/1"}],"replies":[{"embeddable":true,"href":"https:\/\/acuiferoguarani.org\/pt\/wp-json\/wp\/v2\/comments?post=758"}],"version-history":[{"count":1,"href":"https:\/\/acuiferoguarani.org\/pt\/wp-json\/wp\/v2\/posts\/758\/revisions"}],"predecessor-version":[{"id":762,"href":"https:\/\/acuiferoguarani.org\/pt\/wp-json\/wp\/v2\/posts\/758\/revisions\/762"}],"wp:featuredmedia":[{"embeddable":true,"href":"https:\/\/acuiferoguarani.org\/pt\/wp-json\/wp\/v2\/media\/286"}],"wp:attachment":[{"href":"https:\/\/acuiferoguarani.org\/pt\/wp-json\/wp\/v2\/media?parent=758"}],"wp:term":[{"taxonomy":"category","embeddable":true,"href":"https:\/\/acuiferoguarani.org\/pt\/wp-json\/wp\/v2\/categories?post=758"},{"taxonomy":"post_tag","embeddable":true,"href":"https:\/\/acuiferoguarani.org\/pt\/wp-json\/wp\/v2\/tags?post=758"}],"curies":[{"name":"wp","href":"https:\/\/api.w.org\/{rel}","templated":true}]}}