{"id":763,"date":"2023-11-08T00:00:00","date_gmt":"2023-11-08T00:00:00","guid":{"rendered":"https:\/\/acuiferoguarani.org\/?p=763"},"modified":"2025-04-28T00:46:29","modified_gmt":"2025-04-28T00:46:29","slug":"accion-local-y-regional-pensando-el-futuro-del-acuifero-guarani-desde-argentina","status":"publish","type":"post","link":"https:\/\/acuiferoguarani.org\/pt\/accion-local-y-regional-pensando-el-futuro-del-acuifero-guarani-desde-argentina\/","title":{"rendered":"A\u00e7\u00e3o local e regional: pensando no futuro do Aqu\u00edfero Guarani a partir da Argentina"},"content":{"rendered":"<p>Durante los d\u00edas 1 y 2 de noviembre de 2023 en Posadas, Provincia de Misiones, Argentina se llev\u00f3 a cabo un taller nacional participativo en el marco del Proyecto de Porte Medio para la Ejecuci\u00f3n del Plan de Acciones Estrat\u00e9gicas del Sistema Acu\u00edfero Guaran\u00ed: Facilitando Acciones Regionales (PPM\/PAE-SAG).&nbsp;<\/p>\n\n\n\n<p>Durante el Taller, se abord\u00f3 la gesti\u00f3n multidimensional del Sistema Acu\u00edfero Guaran\u00ed (SAG), contando con la participaci\u00f3n de grupos de trabajo provenientes de los diversos niveles de gobierno (municipal, provincial y federal), as\u00ed como de t\u00e9cnicos, representantes de universidades, comunidades ind\u00edgenas, el sector empresarial y la sociedad civil de Argentina.<\/p>\n\n\n\n<p>El di\u00e1logo e intercambio en el marco de estos talleres nos permite ir definiendo en conjunto las prioridades y los pasos a seguir para la actualizaci\u00f3n del Programa Estrat\u00e9gico de Acci\u00f3n (PEA) y seguir avanzando al futuro con determinaci\u00f3n en la gesti\u00f3n transfronteriza del Acu\u00edfero Guaran\u00ed<\/p>\n\n\n\n<p>Ricardo BurgCoordinador T\u00e9cnico Internacional del Proyecto Acu\u00edfero Guaran\u00ed<\/p>\n\n\n\n<p>Este encuentro tuvo la particularidad de que, adem\u00e1s de representantes de distintos sectores sociales de la Argentina, cont\u00f3 con la participaci\u00f3n de representantes de Paraguay: el Coordinador Nacional, Sr. David Fari\u00f1a, y la representante local de Itap\u00faa, facilitadora del piloto y comit\u00e9 local en el proyecto anterior del SAG, Sra. Alicia Eisenk\u00f6lbl.<em>&nbsp;\u201cEsta participaci\u00f3n nos permite preparar para el Encuentro de Paraguay, que se va a desarrollar en Itap\u00faa, as\u00ed como enriquecer la perspectiva sobre la gesti\u00f3n transfronteriza del Acu\u00edfero Guaran\u00ed\u201d,&nbsp;<\/em>se\u00f1al\u00f3 Burg.&nbsp;<\/p>\n\n\n\n<p>En el contexto de la gesti\u00f3n y protecci\u00f3n del Guaran\u00ed,&nbsp;<em>\u201cse elige la vida\u201d<\/em>&nbsp;y la&nbsp;<em>\u201cintegraci\u00f3n de las acciones para establecer una cooperaci\u00f3n conjunta con todos los actores\u201d&nbsp;<\/em>se\u00f1al\u00f3 el Gobernador de la Provincia de Misiones, Sr. Oscar Herrera Ahuad, quien reforz\u00f3 la importancia de la protecci\u00f3n del SAG.<\/p>\n\n\n\n<p><em>\u201cDebemos de tener muy claro y mapeado cu\u00e1les son las zonas aflorantes, vulnerables a la contaminaci\u00f3n, y al mismo tiempo importantes para la recarga del Guaran\u00ed. Es ah\u00ed la importancia de generar conocimiento para mapear y desarrollar pol\u00edticas, programas y proyectos de protecci\u00f3n de estas zonas\u201d<\/em>, destac\u00f3 Ricardo Burg, durante el encuentro.<\/p>\n\n\n\n<figure class=\"wp-block-gallery has-nested-images columns-default is-cropped wp-block-gallery-1 is-layout-flex wp-block-gallery-is-layout-flex\">\n<figure class=\"wp-block-image size-large\"><img fetchpriority=\"high\" decoding=\"async\" width=\"610\" height=\"406\" data-id=\"764\" src=\"https:\/\/acuiferoguarani.org\/wp-content\/uploads\/2025\/01\/Carousel-17.webp\" alt=\"\" class=\"wp-image-764\" srcset=\"https:\/\/acuiferoguarani.org\/wp-content\/uploads\/2025\/01\/Carousel-17.webp 610w, https:\/\/acuiferoguarani.org\/wp-content\/uploads\/2025\/01\/Carousel-17-300x200.webp 300w, https:\/\/acuiferoguarani.org\/wp-content\/uploads\/2025\/01\/Carousel-17-18x12.webp 18w\" sizes=\"(max-width: 610px) 100vw, 610px\" \/><\/figure>\n\n\n\n<figure class=\"wp-block-image size-large\"><img decoding=\"async\" width=\"610\" height=\"406\" data-id=\"765\" src=\"https:\/\/acuiferoguarani.org\/wp-content\/uploads\/2025\/01\/Carousel-18.webp\" alt=\"\" class=\"wp-image-765\" srcset=\"https:\/\/acuiferoguarani.org\/wp-content\/uploads\/2025\/01\/Carousel-18.webp 610w, https:\/\/acuiferoguarani.org\/wp-content\/uploads\/2025\/01\/Carousel-18-300x200.webp 300w, https:\/\/acuiferoguarani.org\/wp-content\/uploads\/2025\/01\/Carousel-18-18x12.webp 18w\" sizes=\"(max-width: 610px) 100vw, 610px\" \/><\/figure>\n<\/figure>\n\n\n\n<h2 class=\"wp-block-heading\">Trabajar juntos por la gesti\u00f3n con fiscalizaci\u00f3n y monitoreo del Acu\u00edfero Guaran\u00ed<\/h2>\n\n\n\n<p>Durante el seminario, Pablo Storani, Coordinador Nacional de Argentina para el SAG, destac\u00f3 que&nbsp;<em>\u201cnecesitamos generar las condiciones para mejorar el entorno propicio para la cooperaci\u00f3n transfronteriza: fortaleciendo las instituciones y las capacidades locales y regionales, implementar el sistema de monitoreo, mejorar la interacci\u00f3n multi-factores, establecer una base participativa s\u00f3lida con intercambio de informaci\u00f3n \u00e1gil y confiable entre otras acciones\u201d.&nbsp;<\/em><\/p>\n\n\n\n<p>Durante el encuentro se destac\u00f3 la importancia de profundizar en el conocimiento de determinadas localidades y regiones en las que se debe profundizar qu\u00e9 es el Acu\u00edfero Guaran\u00ed y los ejercicios de monitoreo al respecto.<em>&nbsp;\u201cEs necesario avanzar en la formalizaci\u00f3n de todos los espacios de uso y por ende de monitoreo del Acu\u00edfero Guaran\u00ed\u201d<\/em>, destacaron los participantes en sus conclusiones.&nbsp;<\/p>\n\n\n\n<p>A su vez, se firm\u00f3 un acuerdo de intenci\u00f3n para la creaci\u00f3n de una comisi\u00f3n local transfronteriza de gesti\u00f3n del Acu\u00edfero, lo que permitir\u00eda dotar de mayor participaci\u00f3n a las comunidades en todas las decisiones vinculadas a aspectos estrat\u00e9gicos vinculados al Sistema Acu\u00edfero Guaran\u00ed.&nbsp;<em>\u201cEstamos avanzando en un proceso regional que involucra a los cuatro pa\u00edses del Acu\u00edfero, pero al mismo tiempo habilita a una gesti\u00f3n local que es una dimensi\u00f3n necesaria para gestionar un acu\u00edfero, y con participaci\u00f3n directa de las comunidades locales. Es un esfuerzo de cooperaci\u00f3n multi-nivel que permitir\u00e1 integrar los conocimientos Regional y Local en el proceso de gesti\u00f3n del SAG\u201d<\/em>, destac\u00f3 Burg.&nbsp;<\/p>\n\n\n\n<p>En el marco de la culminaci\u00f3n del evento, las delegaciones de Argentina y Paraguay firmaron una carta para formalizar la voluntad de promover la conformaci\u00f3n de un piloto San Ignacio \u2013 Itap\u00faa que integre \u00e1mbitos de colaboraci\u00f3n en la gesti\u00f3n y monitoreo del Acu\u00edfero.&nbsp;<\/p>\n\n\n\n<p>La delegaci\u00f3n de la Argentina estuvo conformada por el Ministerio de Obras P\u00fablicas y el Ministerio de Ambiente y Desarrollo Sostenible de la Rep\u00fablica Argentina, as\u00ed como a nivel provincial los participantes de la Mesa Federal del SAG, del COHIFE, IMAS y Ministerio de Ecolog\u00eda de la Provincia de Misiones.&nbsp;<\/p>\n\n\n\n<p>La delegaci\u00f3n del Paraguay estuvo integrada por el Ministerio del Ambiente y Desarrollo Sostenible, a trav\u00e9s de su Direcci\u00f3n General de Recursos H\u00eddricos y por representantes del Piloto de Itap\u00faa.<\/p>\n\n\n\n<p><em>\u201cSe repasaron los escenarios actuales y de futuro del SAG, las buenas pr\u00e1cticas en el territorio y el enfoque en producci\u00f3n de conocimiento y desarrollo de capacidades\u201d<\/em>, se\u00f1al\u00f3 Burg.&nbsp;<\/p>\n\n\n\n<p>El intercambio permiti\u00f3 que los participantes conozcan el abordaje interseccional que estamos realizando en este Proyecto. Entre los diversos temas se encuentran: gobernanza, gesti\u00f3n p\u00fablica, econom\u00eda, medio ambiente y conservaci\u00f3n, hidrogeolog\u00eda y conocimiento, g\u00e9nero, cambio clim\u00e1tico, entre otros que permiten a los distintos actores discutir sobre las diversas dimensiones para la gesti\u00f3n del SAG.<\/p>","protected":false},"excerpt":{"rendered":"<p>Durante los d\u00edas 1 y 2 de noviembre de 2023 en Posadas, Provincia de Misiones, Argentina se llev\u00f3 a cabo [&hellip;]<\/p>","protected":false},"author":1,"featured_media":482,"comment_status":"closed","ping_status":"closed","sticky":false,"template":"","format":"standard","meta":{"site-sidebar-layout":"default","site-content-layout":"","ast-site-content-layout":"default","site-content-style":"default","site-sidebar-style":"default","ast-global-header-display":"","ast-banner-title-visibility":"","ast-main-header-display":"","ast-hfb-above-header-display":"","ast-hfb-below-header-display":"","ast-hfb-mobile-header-display":"","site-post-title":"","ast-breadcrumbs-content":"","ast-featured-img":"","footer-sml-layout":"","ast-disable-related-posts":"","theme-transparent-header-meta":"","adv-header-id-meta":"","stick-header-meta":"","header-above-stick-meta":"","header-main-stick-meta":"","header-below-stick-meta":"","astra-migrate-meta-layouts":"default","ast-page-background-enabled":"default","ast-page-background-meta":{"desktop":{"background-color":"var(--ast-global-color-5)","background-image":"","background-repeat":"repeat","background-position":"center center","background-size":"auto","background-attachment":"scroll","background-type":"","background-media":"","overlay-type":"","overlay-color":"","overlay-opacity":"","overlay-gradient":""},"tablet":{"background-color":"","background-image":"","background-repeat":"repeat","background-position":"center center","background-size":"auto","background-attachment":"scroll","background-type":"","background-media":"","overlay-type":"","overlay-color":"","overlay-opacity":"","overlay-gradient":""},"mobile":{"background-color":"","background-image":"","background-repeat":"repeat","background-position":"center center","background-size":"auto","background-attachment":"scroll","background-type":"","background-media":"","overlay-type":"","overlay-color":"","overlay-opacity":"","overlay-gradient":""}},"ast-content-background-meta":{"desktop":{"background-color":"var(--ast-global-color-4)","background-image":"","background-repeat":"repeat","background-position":"center center","background-size":"auto","background-attachment":"scroll","background-type":"","background-media":"","overlay-type":"","overlay-color":"","overlay-opacity":"","overlay-gradient":""},"tablet":{"background-color":"var(--ast-global-color-4)","background-image":"","background-repeat":"repeat","background-position":"center center","background-size":"auto","background-attachment":"scroll","background-type":"","background-media":"","overlay-type":"","overlay-color":"","overlay-opacity":"","overlay-gradient":""},"mobile":{"background-color":"var(--ast-global-color-4)","background-image":"","background-repeat":"repeat","background-position":"center center","background-size":"auto","background-attachment":"scroll","background-type":"","background-media":"","overlay-type":"","overlay-color":"","overlay-opacity":"","overlay-gradient":""}},"footnotes":""},"categories":[7,10,9,8],"tags":[],"class_list":["post-763","post","type-post","status-publish","format-standard","has-post-thumbnail","hentry","category-argentina","category-brasil","category-paraguay","category-uruguay"],"_links":{"self":[{"href":"https:\/\/acuiferoguarani.org\/pt\/wp-json\/wp\/v2\/posts\/763","targetHints":{"allow":["GET"]}}],"collection":[{"href":"https:\/\/acuiferoguarani.org\/pt\/wp-json\/wp\/v2\/posts"}],"about":[{"href":"https:\/\/acuiferoguarani.org\/pt\/wp-json\/wp\/v2\/types\/post"}],"author":[{"embeddable":true,"href":"https:\/\/acuiferoguarani.org\/pt\/wp-json\/wp\/v2\/users\/1"}],"replies":[{"embeddable":true,"href":"https:\/\/acuiferoguarani.org\/pt\/wp-json\/wp\/v2\/comments?post=763"}],"version-history":[{"count":1,"href":"https:\/\/acuiferoguarani.org\/pt\/wp-json\/wp\/v2\/posts\/763\/revisions"}],"predecessor-version":[{"id":766,"href":"https:\/\/acuiferoguarani.org\/pt\/wp-json\/wp\/v2\/posts\/763\/revisions\/766"}],"wp:featuredmedia":[{"embeddable":true,"href":"https:\/\/acuiferoguarani.org\/pt\/wp-json\/wp\/v2\/media\/482"}],"wp:attachment":[{"href":"https:\/\/acuiferoguarani.org\/pt\/wp-json\/wp\/v2\/media?parent=763"}],"wp:term":[{"taxonomy":"category","embeddable":true,"href":"https:\/\/acuiferoguarani.org\/pt\/wp-json\/wp\/v2\/categories?post=763"},{"taxonomy":"post_tag","embeddable":true,"href":"https:\/\/acuiferoguarani.org\/pt\/wp-json\/wp\/v2\/tags?post=763"}],"curies":[{"name":"wp","href":"https:\/\/api.w.org\/{rel}","templated":true}]}}