{"id":767,"date":"2023-11-30T00:00:00","date_gmt":"2023-11-30T00:00:00","guid":{"rendered":"https:\/\/acuiferoguarani.org\/?p=767"},"modified":"2025-04-27T20:30:02","modified_gmt":"2025-04-27T20:30:02","slug":"primer-foro-latinoamericano-del-agua-en-brasil-proyectos-innovadores-para-la-proteccion-del-acuifero-guarani","status":"publish","type":"post","link":"https:\/\/acuiferoguarani.org\/pt\/primer-foro-latinoamericano-del-agua-en-brasil-proyectos-innovadores-para-la-proteccion-del-acuifero-guarani\/","title":{"rendered":"Primeiro F\u00f3rum Latino-Americano da \u00c1gua no Brasil: projetos inovadores para a prote\u00e7\u00e3o do Aqu\u00edfero Guarani"},"content":{"rendered":"<p>Durante los d\u00edas 21 y 22 de noviembre de 2023, se llev\u00f3 a cabo con \u00e9xito el&nbsp;<a href=\"https:\/\/www.forolatinoamericanodelagua.org\/es\" target=\"_blank\" rel=\"noreferrer noopener\">1.er Foro Latinoamericano del Agua<\/a>&nbsp;(1\u00b0 FLAA) en Aracaj\u00fa, Brasil, como parte del XXV&nbsp;<a href=\"https:\/\/eventos.abrh.org.br\/xxivsbrh\/\" target=\"_blank\" rel=\"noreferrer noopener\">Simposio Brasile\u00f1o de Recursos H\u00eddricos<\/a>.&nbsp;<\/p>\n\n\n\n<p>Este evento tuvo como objetivo principal fortalecer el di\u00e1logo y la integraci\u00f3n en los procesos de toma de decisiones y gobernanza relacionados con el agua y saneamiento en la regi\u00f3n. Asimismo, busc\u00f3 establecer redes, interacciones y agendas de recursos h\u00eddricos que contribuyan al desarrollo sostenible en Am\u00e9rica Latina.&nbsp;<\/p>\n\n\n\n<p>Uno de los proyectos destacados en este encuentro fue el Proyecto de Porte Medio Implementaci\u00f3n del Programa de Acciones Estrat\u00e9gicas del Sistema Acu\u00edfero Guaran\u00ed, cuyo Coordinador Internacional,&nbsp;<strong>Ricardo Burg<\/strong>, particip\u00f3 activamente en las discusiones.&nbsp;<\/p>\n\n\n\n<p>Burg resalt\u00f3 la importancia del proyecto para generar aportes espec\u00edficos a las pol\u00edticas ambientales, enfoc\u00e1ndose en la protecci\u00f3n de zonas clave como las \u00e1reas de recarga y las zonas de protecci\u00f3n ambiental.&nbsp;<em>\u00abLas pol\u00edticas ambientales y de recursos h\u00eddricos pueden trabajar en conjunto gracias a proyectos de gesti\u00f3n multi-nivel, generando un beneficio mutuo. Es un ganar-ganar para ambas \u00e1reas\u00bb<\/em>, se\u00f1al\u00f3 Burg.&nbsp;<\/p>\n\n\n\n<p>El Coordinador subray\u00f3 la conjunci\u00f3n entre aguas subterr\u00e1neas y superficiales, destacando la gesti\u00f3n adecuada del agua como esencial para beneficiar a los caudales ambientales y ecol\u00f3gicos. Adem\u00e1s, hizo hincapi\u00e9 en la importancia de la&nbsp;<strong>protecci\u00f3n del acu\u00edfero Guaran\u00ed<\/strong>, uno de los sistemas subterr\u00e1neos m\u00e1s grandes y significativos del mundo, que abarca territorios de Argentina, Brasil, Paraguay y Uruguay, siendo una fuente crucial de agua potable y apoyo para actividades econ\u00f3micas.&nbsp;<\/p>\n\n\n\n<p>A pesar de su valor, el acu\u00edfero Guaran\u00ed enfrenta desaf\u00edos como la sobreexplotaci\u00f3n y la contaminaci\u00f3n. La gesti\u00f3n inadecuada de sus aguas podr\u00eda afectar negativamente la calidad y agotar las reservas.&nbsp;<strong>La protecci\u00f3n y conservaci\u00f3n de este recurso son cruciales para garantizar el bienestar de millones de personas y preservar los ecosistemas en la regi\u00f3n.<\/strong><\/p>\n\n\n\n<p>El Foro fue organizado por destacadas entidades como la Asociaci\u00f3n Brasile\u00f1a de Recursos H\u00eddricos (ABRHidro), la Asociaci\u00f3n Brasile\u00f1a de Aguas Subterr\u00e1neas (ABAS), la Asociaci\u00f3n Brasile\u00f1a de Ingenier\u00eda Sanitaria y Ambiental (ABES), la Red Brasile\u00f1a de Organismos de Cuenca Hidrogr\u00e1fica (REBOB) y la Red Latinoamericana de Organismos de Cuenca (RELOB), con el respaldo de la Agencia Nacional de Agua y Saneamiento B\u00e1sico (ANA) de Brasil y la Organizaci\u00f3n de las Naciones Unidas para la Educaci\u00f3n, la Ciencia y la Cultura (UNESCO).<\/p>","protected":false},"excerpt":{"rendered":"<p>Durante los d\u00edas 21 y 22 de noviembre de 2023, se llev\u00f3 a cabo con \u00e9xito el&nbsp;1.er Foro Latinoamericano del [&hellip;]<\/p>","protected":false},"author":1,"featured_media":500,"comment_status":"closed","ping_status":"closed","sticky":false,"template":"","format":"standard","meta":{"site-sidebar-layout":"default","site-content-layout":"","ast-site-content-layout":"default","site-content-style":"default","site-sidebar-style":"default","ast-global-header-display":"","ast-banner-title-visibility":"","ast-main-header-display":"","ast-hfb-above-header-display":"","ast-hfb-below-header-display":"","ast-hfb-mobile-header-display":"","site-post-title":"","ast-breadcrumbs-content":"","ast-featured-img":"","footer-sml-layout":"","ast-disable-related-posts":"","theme-transparent-header-meta":"","adv-header-id-meta":"","stick-header-meta":"","header-above-stick-meta":"","header-main-stick-meta":"","header-below-stick-meta":"","astra-migrate-meta-layouts":"default","ast-page-background-enabled":"default","ast-page-background-meta":{"desktop":{"background-color":"var(--ast-global-color-5)","background-image":"","background-repeat":"repeat","background-position":"center center","background-size":"auto","background-attachment":"scroll","background-type":"","background-media":"","overlay-type":"","overlay-color":"","overlay-opacity":"","overlay-gradient":""},"tablet":{"background-color":"","background-image":"","background-repeat":"repeat","background-position":"center center","background-size":"auto","background-attachment":"scroll","background-type":"","background-media":"","overlay-type":"","overlay-color":"","overlay-opacity":"","overlay-gradient":""},"mobile":{"background-color":"","background-image":"","background-repeat":"repeat","background-position":"center center","background-size":"auto","background-attachment":"scroll","background-type":"","background-media":"","overlay-type":"","overlay-color":"","overlay-opacity":"","overlay-gradient":""}},"ast-content-background-meta":{"desktop":{"background-color":"var(--ast-global-color-4)","background-image":"","background-repeat":"repeat","background-position":"center center","background-size":"auto","background-attachment":"scroll","background-type":"","background-media":"","overlay-type":"","overlay-color":"","overlay-opacity":"","overlay-gradient":""},"tablet":{"background-color":"var(--ast-global-color-4)","background-image":"","background-repeat":"repeat","background-position":"center center","background-size":"auto","background-attachment":"scroll","background-type":"","background-media":"","overlay-type":"","overlay-color":"","overlay-opacity":"","overlay-gradient":""},"mobile":{"background-color":"var(--ast-global-color-4)","background-image":"","background-repeat":"repeat","background-position":"center center","background-size":"auto","background-attachment":"scroll","background-type":"","background-media":"","overlay-type":"","overlay-color":"","overlay-opacity":"","overlay-gradient":""}},"footnotes":""},"categories":[1],"tags":[],"class_list":["post-767","post","type-post","status-publish","format-standard","has-post-thumbnail","hentry","category-blog"],"_links":{"self":[{"href":"https:\/\/acuiferoguarani.org\/pt\/wp-json\/wp\/v2\/posts\/767","targetHints":{"allow":["GET"]}}],"collection":[{"href":"https:\/\/acuiferoguarani.org\/pt\/wp-json\/wp\/v2\/posts"}],"about":[{"href":"https:\/\/acuiferoguarani.org\/pt\/wp-json\/wp\/v2\/types\/post"}],"author":[{"embeddable":true,"href":"https:\/\/acuiferoguarani.org\/pt\/wp-json\/wp\/v2\/users\/1"}],"replies":[{"embeddable":true,"href":"https:\/\/acuiferoguarani.org\/pt\/wp-json\/wp\/v2\/comments?post=767"}],"version-history":[{"count":1,"href":"https:\/\/acuiferoguarani.org\/pt\/wp-json\/wp\/v2\/posts\/767\/revisions"}],"predecessor-version":[{"id":768,"href":"https:\/\/acuiferoguarani.org\/pt\/wp-json\/wp\/v2\/posts\/767\/revisions\/768"}],"wp:featuredmedia":[{"embeddable":true,"href":"https:\/\/acuiferoguarani.org\/pt\/wp-json\/wp\/v2\/media\/500"}],"wp:attachment":[{"href":"https:\/\/acuiferoguarani.org\/pt\/wp-json\/wp\/v2\/media?parent=767"}],"wp:term":[{"taxonomy":"category","embeddable":true,"href":"https:\/\/acuiferoguarani.org\/pt\/wp-json\/wp\/v2\/categories?post=767"},{"taxonomy":"post_tag","embeddable":true,"href":"https:\/\/acuiferoguarani.org\/pt\/wp-json\/wp\/v2\/tags?post=767"}],"curies":[{"name":"wp","href":"https:\/\/api.w.org\/{rel}","templated":true}]}}