{"id":864,"date":"2025-04-27T19:59:30","date_gmt":"2025-04-27T19:59:30","guid":{"rendered":"https:\/\/acuiferoguarani.org\/?p=864"},"modified":"2025-04-27T19:59:30","modified_gmt":"2025-04-27T19:59:30","slug":"se-estrena-voces-del-guarani-en-paris-un-llamado-urgente-a-la-preservacion-del-agua-y-la-cooperacion","status":"publish","type":"post","link":"https:\/\/acuiferoguarani.org\/pt\/se-estrena-voces-del-guarani-en-paris-un-llamado-urgente-a-la-preservacion-del-agua-y-la-cooperacion\/","title":{"rendered":"Se estrena Voces del Guaran\u00ed en Par\u00eds: Un llamado urgente a la preservaci\u00f3n del agua y la cooperaci\u00f3n\u00a0"},"content":{"rendered":"<p>La UNESCO presenta el estreno mundial del&nbsp;<a href=\"https:\/\/youtu.be\/Lm3QAsYMD14?si=5D7YBIN2QidNpwx4\" target=\"_blank\" rel=\"noreferrer noopener\">documental&nbsp;<strong>\u00abVoces del Guaran\u00ed\u00bb<\/strong><\/a><strong>,&nbsp;<\/strong>una producci\u00f3n que da voz a uno de los mayores reservorios de agua dulce del mundo, el&nbsp;<strong>Acu\u00edfero Guaran\u00ed<\/strong>, compartido por Argentina, Brasil, Paraguay y Uruguay.&nbsp;<\/p>\n\n\n\n<p>La pel\u00edcula, dirigida por&nbsp;<strong>Mat\u00edas Ponce<\/strong>&nbsp;y&nbsp;<strong>Linda Lilienfeld<\/strong>, se proyectar\u00e1 en el&nbsp;<a href=\"https:\/\/letstalkaboutwater.com\/\" target=\"_blank\" rel=\"noreferrer noopener\"><strong>Festival de Cine Let&#8217;s Talk About Water<\/strong><\/a>, en colaboraci\u00f3n con la&nbsp;<strong>Red Global de Museos del Agua<\/strong>, en el hist\u00f3rico&nbsp;<strong>Cinema MacMahon de Par\u00eds<\/strong>.&nbsp;<\/p>\n\n\n\n<p>Con im\u00e1genes y testimonios conmovedores, el documental explora la conexi\u00f3n entre el agua, la tierra y las comunidades que dependen de este recurso esencial.&nbsp;<strong>L\u00edderes ind\u00edgenas, cient\u00edficos y expertos locales<\/strong>&nbsp;relatan los desaf\u00edos que enfrenta el Acu\u00edfero Guaran\u00ed ante el avance del cambio clim\u00e1tico, la explotaci\u00f3n descontrolada y la falta de conciencia sobre su vulnerabilidad.&nbsp;<\/p>\n\n\n\n<p>O Sistema Aqu\u00edfero Guarani \u00e9 um recurso h\u00eddrico transfronteiri\u00e7o, compartilhado entre Argentina, Brasil, Paraguai e Uruguai. Constitui uma fonte de \u00e1gua doce para milh\u00f5es de pessoas, atendendo \u00e0s necessidades dom\u00e9sticas, agr\u00edcolas, industriais e tur\u00edsticas em uma extensa \u00e1rea de mais de um milh\u00e3o de quil\u00f4metros quadrados.&nbsp;<\/p>\n\n\n\n<p>Atualmente, os quatro pa\u00edses, em conjunto com o Banco de Desenvolvimento da Am\u00e9rica Latina e o Caribe (CAF) e a UNESCO, uniram esfor\u00e7os com o financiamento do Fundo Global para o Meio Ambiente (GEF) para impulsionar o Projeto de Porte M\u00e9dio (PPM): Implementa\u00e7\u00e3o do Programa de A\u00e7\u00f5es Estrat\u00e9gicas do Aqu\u00edfero Guarani: possibilitando a\u00e7\u00f5es regionais. Os principais objetivos do projeto s\u00e3o alcan\u00e7ar o gerenciamento sustent\u00e1vel de longo prazo do aqu\u00edfero e consolidar a coopera\u00e7\u00e3o t\u00e9cnica entre os pa\u00edses.<\/p>\n\n\n\n<h2 class=\"wp-block-heading\">Un mensaje de urgencia y esperanza<\/h2>\n\n\n\n<p>La pel\u00edcula resalta el papel de la cooperaci\u00f3n internacional en la preservaci\u00f3n de este ecosistema subterr\u00e1neo \u00fanico, promoviendo un llamado a la acci\u00f3n para protegerlo de manera sostenible.&nbsp;<\/p>\n\n\n\n<p><em>\u00abEl acu\u00edfero naci\u00f3 sin fronteras, y su \u00fanica frontera es nuestra manera de vivir\u00bb,<\/em>&nbsp;recuerda uno de los protagonistas del documental.&nbsp;<\/p>\n\n\n\n<p>Durante el estreno, el especialista en hidrolog\u00eda de la UNESCO,&nbsp;<strong>Koen Verbist<\/strong>, ofrecer\u00e1 una introducci\u00f3n destacando la importancia del&nbsp;<strong>A\u00f1o de la Preservaci\u00f3n de los Glaciares<\/strong>, los&nbsp;<strong>50 a\u00f1os del Programa Hidrol\u00f3gico Internacional<\/strong>&nbsp;(IHP) y las&nbsp;<strong>seis d\u00e9cadas de ciencia en la UNESCO<\/strong>.<\/p>\n\n\n\n<h2 class=\"wp-block-heading\">El agua como un derecho, la cooperaci\u00f3n como un deber<\/h2>\n\n\n\n<p>El documental destaca la necesidad de reforzar las&nbsp;<strong>estrategias de conservaci\u00f3n transfronteriza<\/strong>, involucrando a gobiernos, comunidades ind\u00edgenas, cient\u00edficos y ciudadanos en la protecci\u00f3n de este recurso vital.&nbsp;<\/p>\n\n\n\n<p><strong>Ernesto Fern\u00e1ndez Polcuch, Director de la Oficina Regional de la UNESCO en Montevideo<\/strong>, enfatiz\u00f3 el papel del conocimiento cient\u00edfico y el trabajo conjunto entre pa\u00edses para la gesti\u00f3n sostenible del Acu\u00edfero Guaran\u00ed:&nbsp;<\/p>\n\n\n\n<p><em>\u00abEl agua es un bien com\u00fan que traspasa fronteras y su preservaci\u00f3n requiere cooperaci\u00f3n, compromiso y conocimiento. Este documental es una herramienta fundamental para sensibilizar sobre la necesidad de proteger los recursos h\u00eddricos y fortalecer pol\u00edticas p\u00fablicas basadas en ciencia y di\u00e1logo intercultural.\u00bb&nbsp;<\/em><\/p>\n\n\n\n<p>Por su parte,&nbsp;<strong>Miguel Doria, Hidr\u00f3logo Regional de la UNESCO<\/strong>, destac\u00f3 el valor del documental como una oportunidad para visibilizar el rol del Acu\u00edfero Guaran\u00ed en el desarrollo de la regi\u00f3n:&nbsp;<\/p>\n\n\n\n<p><em>\u00abEl Acu\u00edfero Guaran\u00ed es un gigante oculto que sostiene la vida de millones de personas. Sin embargo, su conservaci\u00f3n sigue siendo un desaf\u00edo. La UNESCO trabaja con gobiernos y comunidades para garantizar su protecci\u00f3n, y este documental es una invitaci\u00f3n a que todos asumamos nuestra responsabilidad en su cuidado.\u00bb&nbsp;<\/em><\/p>\n\n\n\n<p><em>\u00abEl estreno en Par\u00eds marca el inicio de una gira internacional que llevar\u00e1 \u00abVoices of the Guaran\u00ed\u00bb a diferentes pa\u00edses, promoviendo la cooperaci\u00f3n y el compromiso global con la protecci\u00f3n del agua y la vida\u201d,&nbsp;<\/em>destac\u00f3&nbsp;<strong>Ricardo Burg, Coordinador Internacional del Proyecto de Porte Medio<\/strong>&nbsp;(PPM): Implementaci\u00f3n del Programa de Acciones Estrat\u00e9gicas del Acu\u00edfero Guaran\u00ed: posibilitar acciones regionales.<\/p>","protected":false},"excerpt":{"rendered":"<p>La UNESCO presenta el estreno mundial del&nbsp;documental&nbsp;\u00abVoces del Guaran\u00ed\u00bb,&nbsp;una producci\u00f3n que da voz a uno de los mayores reservorios de [&hellip;]<\/p>","protected":false},"author":1,"featured_media":865,"comment_status":"closed","ping_status":"closed","sticky":false,"template":"","format":"standard","meta":{"site-sidebar-layout":"default","site-content-layout":"","ast-site-content-layout":"default","site-content-style":"default","site-sidebar-style":"default","ast-global-header-display":"","ast-banner-title-visibility":"","ast-main-header-display":"","ast-hfb-above-header-display":"","ast-hfb-below-header-display":"","ast-hfb-mobile-header-display":"","site-post-title":"","ast-breadcrumbs-content":"","ast-featured-img":"","footer-sml-layout":"","ast-disable-related-posts":"","theme-transparent-header-meta":"","adv-header-id-meta":"","stick-header-meta":"","header-above-stick-meta":"","header-main-stick-meta":"","header-below-stick-meta":"","astra-migrate-meta-layouts":"default","ast-page-background-enabled":"default","ast-page-background-meta":{"desktop":{"background-color":"var(--ast-global-color-5)","background-image":"","background-repeat":"repeat","background-position":"center center","background-size":"auto","background-attachment":"scroll","background-type":"","background-media":"","overlay-type":"","overlay-color":"","overlay-opacity":"","overlay-gradient":""},"tablet":{"background-color":"","background-image":"","background-repeat":"repeat","background-position":"center center","background-size":"auto","background-attachment":"scroll","background-type":"","background-media":"","overlay-type":"","overlay-color":"","overlay-opacity":"","overlay-gradient":""},"mobile":{"background-color":"","background-image":"","background-repeat":"repeat","background-position":"center center","background-size":"auto","background-attachment":"scroll","background-type":"","background-media":"","overlay-type":"","overlay-color":"","overlay-opacity":"","overlay-gradient":""}},"ast-content-background-meta":{"desktop":{"background-color":"var(--ast-global-color-4)","background-image":"","background-repeat":"repeat","background-position":"center center","background-size":"auto","background-attachment":"scroll","background-type":"","background-media":"","overlay-type":"","overlay-color":"","overlay-opacity":"","overlay-gradient":""},"tablet":{"background-color":"var(--ast-global-color-4)","background-image":"","background-repeat":"repeat","background-position":"center center","background-size":"auto","background-attachment":"scroll","background-type":"","background-media":"","overlay-type":"","overlay-color":"","overlay-opacity":"","overlay-gradient":""},"mobile":{"background-color":"var(--ast-global-color-4)","background-image":"","background-repeat":"repeat","background-position":"center center","background-size":"auto","background-attachment":"scroll","background-type":"","background-media":"","overlay-type":"","overlay-color":"","overlay-opacity":"","overlay-gradient":""}},"footnotes":""},"categories":[7,10,9,8],"tags":[],"class_list":["post-864","post","type-post","status-publish","format-standard","has-post-thumbnail","hentry","category-argentina","category-brasil","category-paraguay","category-uruguay"],"_links":{"self":[{"href":"https:\/\/acuiferoguarani.org\/pt\/wp-json\/wp\/v2\/posts\/864","targetHints":{"allow":["GET"]}}],"collection":[{"href":"https:\/\/acuiferoguarani.org\/pt\/wp-json\/wp\/v2\/posts"}],"about":[{"href":"https:\/\/acuiferoguarani.org\/pt\/wp-json\/wp\/v2\/types\/post"}],"author":[{"embeddable":true,"href":"https:\/\/acuiferoguarani.org\/pt\/wp-json\/wp\/v2\/users\/1"}],"replies":[{"embeddable":true,"href":"https:\/\/acuiferoguarani.org\/pt\/wp-json\/wp\/v2\/comments?post=864"}],"version-history":[{"count":1,"href":"https:\/\/acuiferoguarani.org\/pt\/wp-json\/wp\/v2\/posts\/864\/revisions"}],"predecessor-version":[{"id":866,"href":"https:\/\/acuiferoguarani.org\/pt\/wp-json\/wp\/v2\/posts\/864\/revisions\/866"}],"wp:featuredmedia":[{"embeddable":true,"href":"https:\/\/acuiferoguarani.org\/pt\/wp-json\/wp\/v2\/media\/865"}],"wp:attachment":[{"href":"https:\/\/acuiferoguarani.org\/pt\/wp-json\/wp\/v2\/media?parent=864"}],"wp:term":[{"taxonomy":"category","embeddable":true,"href":"https:\/\/acuiferoguarani.org\/pt\/wp-json\/wp\/v2\/categories?post=864"},{"taxonomy":"post_tag","embeddable":true,"href":"https:\/\/acuiferoguarani.org\/pt\/wp-json\/wp\/v2\/tags?post=864"}],"curies":[{"name":"wp","href":"https:\/\/api.w.org\/{rel}","templated":true}]}}