{"id":884,"date":"2025-04-27T20:48:39","date_gmt":"2025-04-27T20:48:39","guid":{"rendered":"https:\/\/acuiferoguarani.org\/?p=884"},"modified":"2025-04-27T20:48:40","modified_gmt":"2025-04-27T20:48:40","slug":"america-latina-en-el-10o-foro-mundial-del-agua-liderazgo-y-compromiso-en-la-gestion-hidrica","status":"publish","type":"post","link":"https:\/\/acuiferoguarani.org\/pt\/america-latina-en-el-10o-foro-mundial-del-agua-liderazgo-y-compromiso-en-la-gestion-hidrica\/","title":{"rendered":"Am\u00e9rica Latina en el 10\u00ba Foro Mundial del Agua: Liderazgo y compromiso en la gesti\u00f3n h\u00eddrica"},"content":{"rendered":"<p>La regi\u00f3n particip\u00f3 activamente en diversos eventos, paneles y debates, destacando su liderazgo y compromiso con la gesti\u00f3n h\u00eddrica sostenible en un contexto de cambio clim\u00e1tico y crecimiento demogr\u00e1fico.<\/p>\n\n\n\n<h2 class=\"wp-block-heading\">Un escenario para la cooperaci\u00f3n y el intercambio de experiencias<\/h2>\n\n\n\n<p>El foro reuni\u00f3 a l\u00edderes mundiales, expertos, representantes de diversos sectores y comunidades para discutir los desaf\u00edos y oportunidades relacionados con el agua. Am\u00e9rica Latina aprovech\u00f3 esta plataforma para visibilizar los avances y las iniciativas regionales en materia de gesti\u00f3n h\u00eddrica, as\u00ed como para fortalecer la cooperaci\u00f3n internacional en este \u00e1mbito.<\/p>\n\n\n\n<p><em>&nbsp;\u00abLa activa participaci\u00f3n de Am\u00e9rica Latina en el 10\u00ba Foro Mundial del Agua demuestra el compromiso de la regi\u00f3n con la gesti\u00f3n h\u00eddrica sostenible\u00bb<\/em>, afirm\u00f3&nbsp;<strong>Ernesto Fern\u00e1ndez Polcuch<\/strong>, Director de la Oficina Regional UNESCO Montevideo.&nbsp;<em>\u00abLos eventos y debates que se llevaron a cabo en el marco del foro son un paso importante para avanzar hacia el logro del Objetivo de Desarrollo Sostenible 6 y garantizar el acceso universal al agua potable y al saneamiento\u00bb.&nbsp;<\/em><\/p>\n\n\n\n<p><strong>Miguel Doria<\/strong>, Coordinador del Programa Hidrol\u00f3gico Intergubernamental de la UNESCO para Am\u00e9rica Latina y el Caribe, tambi\u00e9n destac\u00f3 la importancia de la cooperaci\u00f3n internacional para la gesti\u00f3n del agua en la regi\u00f3n.&nbsp;<em>\u00abLas cuencas transfronterizas de Am\u00e9rica Latina, como el Amazonas, el Acu\u00edfero Guaran\u00ed y la Cuenca del Plata, son ejemplos clave de la importancia de la colaboraci\u00f3n entre los pa\u00edses de la regi\u00f3n para avanzar hacia soluciones conjuntas a los desaf\u00edos h\u00eddricos que compartimos\u00bb,<\/em>&nbsp;se\u00f1al\u00f3.<\/p>\n\n\n\n<h2 class=\"wp-block-heading\">Sesiones regionales: Un enfoque en la seguridad h\u00eddrica y la cooperaci\u00f3n transfronteriza<\/h2>\n\n\n\n<p>Dos sesiones regionales organizadas por la UNESCO, realizadas en el marco del proceso regional que lider\u00f3 la UNESCO en Am\u00e9rica del Sur para la elaboraci\u00f3n del informe regional de las Am\u00e9ricas que se present\u00f3 en el Foro, destacaron la importancia de la seguridad h\u00eddrica y la cooperaci\u00f3n transfronteriza para el desarrollo sostenible de Am\u00e9rica Latina.&nbsp;<\/p>\n\n\n\n<p>En la primera, titulada \u00abSeguridad H\u00eddrica y Agua para los Seres Humanos\u00bb, se analizaron los desaf\u00edos y estrategias para garantizar el acceso universal al agua potable y el saneamiento en la regi\u00f3n.&nbsp;<\/p>\n\n\n\n<p>La segunda sesi\u00f3n, \u00abAgua para la Cooperaci\u00f3n y la Paz en Am\u00e9rica del Sur\u00bb, se centr\u00f3 en la importancia de la colaboraci\u00f3n entre pa\u00edses para la gesti\u00f3n conjunta de cuencas transfronterizas como el Amazonas, el Acu\u00edfero Guaran\u00ed y la Cuenca del Plata.<\/p>\n\n\n\n<h2 class=\"wp-block-heading\">Eventos UNESCO: Promoviendo la ciencia, la tecnolog\u00eda y el conocimiento ancestral<\/h2>\n\n\n\n<p>La UNESCO organiz\u00f3 diversos eventos en el marco del foro, con un enfoque en la ciencia, la tecnolog\u00eda y el conocimiento ancestral como herramientas para la gesti\u00f3n h\u00eddrica sostenible.&nbsp;<\/p>\n\n\n\n<p>En el evento \u00abCiencia para la cooperaci\u00f3n transfronteriza en materia de aguas subterr\u00e1neas: el caso del Proyecto Guaran\u00ed\u00bb, presentado en el Pabell\u00f3n UNESCO, organizado desde la Ag\u00eancia Nacional de \u00c1guas e Saneamento B\u00e1sico (ANA) de Brasil junto a UNESCO, se presentaron los avances del Proyecto de Porte Medio (PPM) en la implementaci\u00f3n y actualizaci\u00f3n de las Estrategias del Programa de Acci\u00f3n para el Sistema Acu\u00edfero Guaran\u00ed (SAG).&nbsp;<\/p>\n\n\n\n<p>El evento \u00abCiencia para la Seguridad H\u00eddrica en Am\u00e9rica Latina y el Caribe\u00bb destac\u00f3 la importancia de la investigaci\u00f3n cient\u00edfica para enfrentar los desaf\u00edos h\u00eddricos de la regi\u00f3n.&nbsp;<\/p>\n\n\n\n<p>A su vez, se realiz\u00f3 la sesi\u00f3n \u00abHidrotecnolog\u00edas Ancestrales como Respuesta a la Emergencia Clim\u00e1tica, Sanitaria y Alimentaria\u00bb organizada por la C\u00e1tedra UNESCO de Sostenibilidad de la Universidad Polit\u00e9cnica de Catalunya, que cont\u00f3 con la participaci\u00f3n de PHI UNESCO.&nbsp;<\/p>\n\n\n\n<p>El PHI para Am\u00e9rica Latina y el Caribe tambi\u00e9n particip\u00f3 en la sesi\u00f3n \u201cIniciativas para la aceleraci\u00f3n del ODS 6 en el espacio Iberoamericano\u201d, organizada por la Conferencia de Direcciones y Autoridades Iberoamericanas del Agua (CODIA), exponiendo sobre las actividades de fortalecimiento de capacidades que se vienen desarrollando en la regi\u00f3n en conjunto con la CODIA para la adaptaci\u00f3n al cambio clim\u00e1tico y la consecuci\u00f3n del objetivo de \u201cagua limpia y saneamiento para todos\u201d.<\/p>\n\n\n\n<h2 class=\"wp-block-heading\">Un futuro sostenible para el agua en Am\u00e9rica Latina<\/h2>\n\n\n\n<p>La participaci\u00f3n de Am\u00e9rica Latina en el 10\u00ba Foro Mundial del Agua fue un \u00e9xito rotundo. La regi\u00f3n reafirm\u00f3 su liderazgo y compromiso con la gesti\u00f3n h\u00eddrica sostenible, y sent\u00f3 las bases para seguir avanzando hacia un futuro donde el agua sea un recurso accesible, equitativo y gestionado de manera responsable para el beneficio de las generaciones presentes y futuras.<\/p>","protected":false},"excerpt":{"rendered":"<p>La regi\u00f3n particip\u00f3 activamente en diversos eventos, paneles y debates, destacando su liderazgo y compromiso con la gesti\u00f3n h\u00eddrica sostenible [&hellip;]<\/p>","protected":false},"author":1,"featured_media":885,"comment_status":"closed","ping_status":"closed","sticky":false,"template":"","format":"standard","meta":{"site-sidebar-layout":"default","site-content-layout":"","ast-site-content-layout":"default","site-content-style":"default","site-sidebar-style":"default","ast-global-header-display":"","ast-banner-title-visibility":"","ast-main-header-display":"","ast-hfb-above-header-display":"","ast-hfb-below-header-display":"","ast-hfb-mobile-header-display":"","site-post-title":"","ast-breadcrumbs-content":"","ast-featured-img":"","footer-sml-layout":"","ast-disable-related-posts":"","theme-transparent-header-meta":"","adv-header-id-meta":"","stick-header-meta":"","header-above-stick-meta":"","header-main-stick-meta":"","header-below-stick-meta":"","astra-migrate-meta-layouts":"default","ast-page-background-enabled":"default","ast-page-background-meta":{"desktop":{"background-color":"var(--ast-global-color-5)","background-image":"","background-repeat":"repeat","background-position":"center center","background-size":"auto","background-attachment":"scroll","background-type":"","background-media":"","overlay-type":"","overlay-color":"","overlay-opacity":"","overlay-gradient":""},"tablet":{"background-color":"","background-image":"","background-repeat":"repeat","background-position":"center center","background-size":"auto","background-attachment":"scroll","background-type":"","background-media":"","overlay-type":"","overlay-color":"","overlay-opacity":"","overlay-gradient":""},"mobile":{"background-color":"","background-image":"","background-repeat":"repeat","background-position":"center center","background-size":"auto","background-attachment":"scroll","background-type":"","background-media":"","overlay-type":"","overlay-color":"","overlay-opacity":"","overlay-gradient":""}},"ast-content-background-meta":{"desktop":{"background-color":"var(--ast-global-color-4)","background-image":"","background-repeat":"repeat","background-position":"center center","background-size":"auto","background-attachment":"scroll","background-type":"","background-media":"","overlay-type":"","overlay-color":"","overlay-opacity":"","overlay-gradient":""},"tablet":{"background-color":"var(--ast-global-color-4)","background-image":"","background-repeat":"repeat","background-position":"center center","background-size":"auto","background-attachment":"scroll","background-type":"","background-media":"","overlay-type":"","overlay-color":"","overlay-opacity":"","overlay-gradient":""},"mobile":{"background-color":"var(--ast-global-color-4)","background-image":"","background-repeat":"repeat","background-position":"center center","background-size":"auto","background-attachment":"scroll","background-type":"","background-media":"","overlay-type":"","overlay-color":"","overlay-opacity":"","overlay-gradient":""}},"footnotes":""},"categories":[7,10,9,8],"tags":[],"class_list":["post-884","post","type-post","status-publish","format-standard","has-post-thumbnail","hentry","category-argentina","category-brasil","category-paraguay","category-uruguay"],"_links":{"self":[{"href":"https:\/\/acuiferoguarani.org\/pt\/wp-json\/wp\/v2\/posts\/884","targetHints":{"allow":["GET"]}}],"collection":[{"href":"https:\/\/acuiferoguarani.org\/pt\/wp-json\/wp\/v2\/posts"}],"about":[{"href":"https:\/\/acuiferoguarani.org\/pt\/wp-json\/wp\/v2\/types\/post"}],"author":[{"embeddable":true,"href":"https:\/\/acuiferoguarani.org\/pt\/wp-json\/wp\/v2\/users\/1"}],"replies":[{"embeddable":true,"href":"https:\/\/acuiferoguarani.org\/pt\/wp-json\/wp\/v2\/comments?post=884"}],"version-history":[{"count":1,"href":"https:\/\/acuiferoguarani.org\/pt\/wp-json\/wp\/v2\/posts\/884\/revisions"}],"predecessor-version":[{"id":886,"href":"https:\/\/acuiferoguarani.org\/pt\/wp-json\/wp\/v2\/posts\/884\/revisions\/886"}],"wp:featuredmedia":[{"embeddable":true,"href":"https:\/\/acuiferoguarani.org\/pt\/wp-json\/wp\/v2\/media\/885"}],"wp:attachment":[{"href":"https:\/\/acuiferoguarani.org\/pt\/wp-json\/wp\/v2\/media?parent=884"}],"wp:term":[{"taxonomy":"category","embeddable":true,"href":"https:\/\/acuiferoguarani.org\/pt\/wp-json\/wp\/v2\/categories?post=884"},{"taxonomy":"post_tag","embeddable":true,"href":"https:\/\/acuiferoguarani.org\/pt\/wp-json\/wp\/v2\/tags?post=884"}],"curies":[{"name":"wp","href":"https:\/\/api.w.org\/{rel}","templated":true}]}}