{"id":887,"date":"2025-04-27T20:53:15","date_gmt":"2025-04-27T20:53:15","guid":{"rendered":"https:\/\/acuiferoguarani.org\/?p=887"},"modified":"2025-04-27T20:53:15","modified_gmt":"2025-04-27T20:53:15","slug":"america-latina-en-el-10o-foro-mundial-del-agua","status":"publish","type":"post","link":"https:\/\/acuiferoguarani.org\/pt\/america-latina-en-el-10o-foro-mundial-del-agua\/","title":{"rendered":"Am\u00e9rica Latina en el 10\u00ba Foro Mundial del Agua"},"content":{"rendered":"<p>Desde el&nbsp;<strong>18 hasta el 25 de mayo<\/strong>&nbsp;de 2024, Bali, Indonesia, se posicionar\u00e1 como el epicentro de la gesti\u00f3n h\u00eddrica mundial durante la celebraci\u00f3n del d\u00e9cimo<a href=\"https:\/\/worldwaterforum.org\/\" target=\"_blank\" rel=\"noreferrer noopener\">&nbsp;Foro Mundial del Agua<\/a>.&nbsp;<\/p>\n\n\n\n<p>Este evento, organizado en colaboraci\u00f3n con el Consejo Mundial del Agua y la ciudad anfitriona, Bali, se enfocar\u00e1 en el lema<strong>&nbsp;\u00abAgua para la prosperidad compartida\u00bb.&nbsp;<\/strong><\/p>\n\n\n\n<p>En un contexto de crecimiento demogr\u00e1fico y cambio clim\u00e1tico, el presidente de Indonesia, el Sr. Joko Widodo, ha destacado la importancia de priorizar la conservaci\u00f3n del agua, la disponibilidad de agua limpia y saneamiento, la seguridad alimentaria y energ\u00e9tica, y la mitigaci\u00f3n de desastres naturales.&nbsp;<\/p>\n\n\n\n<p><strong>El Foro Mundial del Agua no es simplemente una conferencia, sino un proceso continuo que incluye una fase preparatoria de tres a\u00f1os, una semana de eventos y una presentaci\u00f3n de resultados con apoyo constante para la acci\u00f3n colectiva.&nbsp;<\/strong><\/p>\n\n\n\n<p>Este a\u00f1o, la participaci\u00f3n de Am\u00e9rica Latina es especialmente notable, con l\u00edderes y expertos discutiendo temas cr\u00edticos para la regi\u00f3n en paneles destacados.<\/p>\n\n\n\n<h2 class=\"wp-block-heading\">Sesiones regionales<\/h2>\n\n\n\n<p>El 21 de mayo, Am\u00e9rica Latina celebrar\u00e1 dos sesiones que surgen como resultado del proceso regional para Am\u00e9rica del Sur, liderado por la UNESCO, con dos paneles principales: \u201cSeguridad H\u00eddrica y Agua para los Seres Humanos\u201d y \u201cAgua para la Cooperaci\u00f3n y la Paz en Am\u00e9rica del Sur, perspectivas desde el Guaran\u00ed, Amazonas y la Plata\u201d.&nbsp;<\/p>\n\n\n\n<p>De 10:20 a 11:50 en la primera sesi\u00f3n,&nbsp;<em>Seguridad H\u00eddrica y Agua para los Seres Humanos<\/em>, destacados personajes del \u00e1mbito h\u00eddrico en la regi\u00f3n explorar\u00e1n el papel crucial del agua en el desarrollo sostenible en Am\u00e9rica del Sur, discutiendo desaf\u00edos, estrategias y soluciones innovadoras para la seguridad h\u00eddrica.&nbsp;<\/p>\n\n\n\n<p>Entre los invitados regionales a esta sesi\u00f3n destacan&nbsp;<strong>Sergio Campos<\/strong>&nbsp;(jefe de la Divis\u00f3n de Agua y Saneamiento del Banco Iberoamericano de Desarrollo),&nbsp;<strong>Benedito Braga<\/strong>&nbsp;(presidente honorario del Consejo Mundial del Agua),&nbsp;<strong>Giuseppe Serra Seca Vieira<\/strong>&nbsp;(Secretario Nacional de Seguridad del Agua, del Ministerio de Desarrollo Regional de Brasil),&nbsp;<strong>Filipe de Mello Sampaio Cunha<\/strong>&nbsp;(Director de la Agencia Nacional de Agua y Saneamiento \u2013ANA- de Brasil),&nbsp;<strong>Alonzo Zapata Cornejo<\/strong>&nbsp;(Jefe de la Autoridad Nacional del Agua \u2013ANA- del Per\u00fa),&nbsp;<strong>Ximena Lacu\u00e9s<\/strong>&nbsp;(del Ministerio de Ambiente del Uruguay),&nbsp;<strong>Sandra Mart\u00ednez<\/strong>&nbsp;(Subsecretar\u00eda de Recursos H\u00eddricos de Argentina),&nbsp;<strong>Concepci\u00f3n Marcuello<\/strong>&nbsp;(Secretar\u00eda T\u00e9cnica Permanente de la Conferencia de Direcciones y Autoridades Iberoamericanas del Agua)&nbsp;<strong>Ricardo Burg<\/strong>&nbsp;(coordinador internacional del Proyecto UNESCO\/CAF\/GEF Guaran\u00ed),&nbsp;<strong>Abou Amani<\/strong>&nbsp;(Secretario del Programa Hidrol\u00f3gico Intergubernamental de la UNESCO) y como moderador&nbsp;<strong>Miguel Doria<\/strong>&nbsp;(hidr\u00f3logo regional de la UNESCO para Am\u00e9rica Latina y el Caribe).&nbsp;<\/p>\n\n\n\n<p>De 14:50 a 16:20 el panel \u201c<em>Agua para la Cooperaci\u00f3n y la Paz en Am\u00e9rica del Sur<\/em>\u201d abordar\u00e1 la cooperaci\u00f3n internacional en torno a algunas de las cuencas transfronterizas m\u00e1s significativas de la regi\u00f3n, tales como el Amazonas, el Acu\u00edfero Guaran\u00ed y la Cuenca del Plata, destacando la importancia de la gobernanza participativa y las estrategias de cooperaci\u00f3n estructurada.&nbsp;<\/p>\n\n\n\n<p>Con&nbsp;<strong>Miguel Doria<\/strong>&nbsp;como moderador, esta sesi\u00f3n reunir\u00e1 a invitados tales como&nbsp;<strong>Lidia Brito<\/strong>&nbsp;(Subdirectora General de Ciencias Exactas y Naturales de la UNESCO),&nbsp;<strong>Sergio Campos<\/strong>,&nbsp;<strong>Benedito Braga, Giuseppe Serra Seca Vieira,Sandra Mart\u00ednez, David Fari\u00f1a<\/strong>&nbsp;(Director Nacional de Agua de Paraguay),&nbsp;<strong>Ximena Lacu\u00e9s, Claudia Ferreira Lima<\/strong>&nbsp;(Ministerio de Ambiente y Cambio Clim\u00e1tico de Brasil),&nbsp;<strong>Edith Paredes<\/strong>&nbsp;(Directora Administrativa de la Organizaci\u00f3n del Tratado de Cooperaci\u00f3n Amaz\u00f3nica -OTCA-),&nbsp;<strong>Andr\u00e9s Sanchez<\/strong>&nbsp;(Organizaci\u00f3n de Estados Americanos) y&nbsp;<strong>Ricardo Burg<\/strong>.<\/p>\n\n\n\n<h2 class=\"wp-block-heading\">Eventos UNESCO en el Pabell\u00f3n Latinoamericano<\/h2>\n\n\n\n<p>El&nbsp;<strong>lunes 20 de mayo<\/strong>, de 15:30 a 16:30 el Pabell\u00f3n Latinoamericano ser\u00e1 el escenario de un evento significativo sobre un importante proyecto regional:<em>&nbsp;\u00abPPM Guarani &#8211; Lecciones aprendidas en la cooperaci\u00f3n transfronteriza en aguas subterr\u00e1neas\u00bb<\/em>.&nbsp;<\/p>\n\n\n\n<p>Se presentar\u00e1n los avances del Proyecto de Porte Medio (PPM) en la implementaci\u00f3n y actualizaci\u00f3n de las Estrategias del Programa de Acci\u00f3n para el Sistema Acu\u00edfero Guaran\u00ed (SAG), con perspectivas de Argentina, Brasil, Uruguay y Paraguay.&nbsp;<\/p>\n\n\n\n<p>La sesi\u00f3n tiene como objetivo compartir experiencias de cooperaci\u00f3n internacional sobre recursos h\u00eddricos subterr\u00e1neos, aumentar la visibilidad de las lecciones aprendidas, e interactuar en di\u00e1logo con la comunidad global interesada en el tema.&nbsp;<\/p>\n\n\n\n<p>De 15:00 a 16:00 en el Pabell\u00f3n Latinoamericano se llevar\u00e1 a cabo la coordinaci\u00f3n del Evento paralelo&nbsp;<em>\u201cCiencia para la Seguridad H\u00eddrica en Am\u00e9rica Latina y el Caribe\u201d.&nbsp;<\/em><\/p>\n\n\n\n<p>Este evento buscar\u00e1 resaltar la enorme importancia de la ciencia, la investigaci\u00f3n y la tecnolog\u00eda, as\u00ed como la necesidad de una cooperaci\u00f3n r\u00e1pida y una total transparencia en lo que respecta al intercambio de datos y lecciones aprendidas en beneficio colectivo de la comunidad mundial, presentando la novena fase del Programa Hidrol\u00f3gico Intergubernamental de la UNESCO.&nbsp;<\/p>\n\n\n\n<p>Esta fase ofrece una plataforma para ampliar la cooperaci\u00f3n en la comunidad cient\u00edfica internacional, presentando respuestas metodol\u00f3gicas hacia la transdisciplinariedad para generar soluciones para un mundo seguro h\u00eddrico en un contexto complejo y apoyo cient\u00edfico para la toma de decisiones.<\/p>\n\n\n\n<h2 class=\"wp-block-heading\">La UNESCO en el Pabell\u00f3n de Espa\u00f1a<\/h2>\n\n\n\n<p>Dos eventos significativos con participaci\u00f3n de especialistas regionales tendr\u00e1n lugar en el Pabell\u00f3n de Espa\u00f1a.&nbsp;<\/p>\n\n\n\n<p>Uno de ellos, la sesi\u00f3n t\u00e9cnica&nbsp;<em>\u201cHidrotecnolog\u00edas Ancestrales como Respuesta a la Emergencia Clim\u00e1tica, Sanitaria y Alimentaria\u201d&nbsp;<\/em>tendr\u00e1 lugar el d\u00eda&nbsp;<strong>mi\u00e9rcoles 21 de mayo<\/strong>&nbsp;de 16:30 a 18:00 y presentar\u00e1 el potencial de las Hidrotecnolog\u00edas Ancestrales como patrimonio cultural inmaterial vinculado a la gesti\u00f3n ancestral del agua para adaptarlos al contexto actual de emergencia clim\u00e1tica y sanitaria.&nbsp;<\/p>\n\n\n\n<p>Adem\u00e1s, en la sesi\u00f3n se presentar\u00e1n algunos casos seleccionados en funcionamiento en la regi\u00f3n iberoamericana que se incluyen en una nueva publicaci\u00f3n elaborada conjuntamente por UNESCO-SOST, UNESCO-PHI y CODIA.&nbsp;<\/p>\n\n\n\n<p>El documento ser\u00e1 publicado como libro electr\u00f3nico para difundir la potencialidad de estos sistemas, como herramientas de adaptaci\u00f3n al cambio clim\u00e1tico basado en el conocimiento ecol\u00f3gico local.<\/p>\n\n\n\n<p><strong>Lidia Brito<\/strong>, Subdirectora General de Ciencias Exactas y Naturales de la UNESCO y&nbsp;<strong>Miguel Doria<\/strong>&nbsp;brindar\u00e1n unas palabras de bienvenida en esta sesi\u00f3n.&nbsp;<\/p>\n\n\n\n<p>En la otra sesi\u00f3n,&nbsp;<em>Iniciativas para la aceleraci\u00f3n del ODS 6 en Iberoam\u00e9rica<\/em>, se citar\u00e1 a expertos en la tem\u00e1tica el&nbsp;<strong>jueves 23 de mayo<\/strong>, de 16.20 &#8211; 18.00, para identificar iniciativas regionales para acelerar el ODS 6 y dialogar sobre las acciones necesarias para el acceso seguro y universal al agua potable y al saneamiento en Iberoam\u00e9rica.&nbsp;<\/p>\n\n\n\n<p>En este contexto, Miguel Doria expondr\u00e1 las iniciativas Iniciativas en el Marco de Aceleraci\u00f3n del ODS 6 para el desarrollo de capacidades en temas h\u00eddricos que impulsa la UNESCO a trav\u00e9s de su Programa Hidrol\u00f3gico Intergubernamental para Am\u00e9rica Latina y el Caribe en la regi\u00f3n iberoamericana.<\/p>\n\n\n\n<h2 class=\"wp-block-heading\">El Proyecto Guaran\u00ed en el Pabell\u00f3n de la UNESCO<\/h2>\n\n\n\n<p>El d\u00eda&nbsp;<strong>jueves 23<\/strong>, de 14:00 a 15:00h, en el Pabell\u00f3n de la UNESCO, los coordinadores nacionales para el Proyecto UNESCO\/CAF\/GEF sobre el Sistema Acu\u00edfero Guaran\u00ed y su coordinador internacional brindar\u00e1n una charla sobre los principales retos en la ejecuci\u00f3n del proyecto, las buenas pr\u00e1cticas adquiridas y los avances del proyecto.&nbsp;<\/p>\n\n\n\n<p>Ser\u00e1 un espacio de intercambio que busca visibilizar el trabajo que se est\u00e1 desarrollando para la gesti\u00f3n integrada de una de las cuencas transfronterizas internacionales m\u00e1s importantes, donde la cooperaci\u00f3n internacional en agua es clave para lograr el desarrollo sostenible de los pa\u00edses.<\/p>","protected":false},"excerpt":{"rendered":"<p>Desde el&nbsp;18 hasta el 25 de mayo&nbsp;de 2024, Bali, Indonesia, se posicionar\u00e1 como el epicentro de la gesti\u00f3n h\u00eddrica mundial [&hellip;]<\/p>","protected":false},"author":1,"featured_media":888,"comment_status":"closed","ping_status":"closed","sticky":false,"template":"","format":"standard","meta":{"site-sidebar-layout":"default","site-content-layout":"","ast-site-content-layout":"default","site-content-style":"default","site-sidebar-style":"default","ast-global-header-display":"","ast-banner-title-visibility":"","ast-main-header-display":"","ast-hfb-above-header-display":"","ast-hfb-below-header-display":"","ast-hfb-mobile-header-display":"","site-post-title":"","ast-breadcrumbs-content":"","ast-featured-img":"","footer-sml-layout":"","ast-disable-related-posts":"","theme-transparent-header-meta":"","adv-header-id-meta":"","stick-header-meta":"","header-above-stick-meta":"","header-main-stick-meta":"","header-below-stick-meta":"","astra-migrate-meta-layouts":"default","ast-page-background-enabled":"default","ast-page-background-meta":{"desktop":{"background-color":"var(--ast-global-color-5)","background-image":"","background-repeat":"repeat","background-position":"center center","background-size":"auto","background-attachment":"scroll","background-type":"","background-media":"","overlay-type":"","overlay-color":"","overlay-opacity":"","overlay-gradient":""},"tablet":{"background-color":"","background-image":"","background-repeat":"repeat","background-position":"center center","background-size":"auto","background-attachment":"scroll","background-type":"","background-media":"","overlay-type":"","overlay-color":"","overlay-opacity":"","overlay-gradient":""},"mobile":{"background-color":"","background-image":"","background-repeat":"repeat","background-position":"center center","background-size":"auto","background-attachment":"scroll","background-type":"","background-media":"","overlay-type":"","overlay-color":"","overlay-opacity":"","overlay-gradient":""}},"ast-content-background-meta":{"desktop":{"background-color":"var(--ast-global-color-4)","background-image":"","background-repeat":"repeat","background-position":"center center","background-size":"auto","background-attachment":"scroll","background-type":"","background-media":"","overlay-type":"","overlay-color":"","overlay-opacity":"","overlay-gradient":""},"tablet":{"background-color":"var(--ast-global-color-4)","background-image":"","background-repeat":"repeat","background-position":"center center","background-size":"auto","background-attachment":"scroll","background-type":"","background-media":"","overlay-type":"","overlay-color":"","overlay-opacity":"","overlay-gradient":""},"mobile":{"background-color":"var(--ast-global-color-4)","background-image":"","background-repeat":"repeat","background-position":"center center","background-size":"auto","background-attachment":"scroll","background-type":"","background-media":"","overlay-type":"","overlay-color":"","overlay-opacity":"","overlay-gradient":""}},"footnotes":""},"categories":[7,10,9,8],"tags":[],"class_list":["post-887","post","type-post","status-publish","format-standard","has-post-thumbnail","hentry","category-argentina","category-brasil","category-paraguay","category-uruguay"],"_links":{"self":[{"href":"https:\/\/acuiferoguarani.org\/pt\/wp-json\/wp\/v2\/posts\/887","targetHints":{"allow":["GET"]}}],"collection":[{"href":"https:\/\/acuiferoguarani.org\/pt\/wp-json\/wp\/v2\/posts"}],"about":[{"href":"https:\/\/acuiferoguarani.org\/pt\/wp-json\/wp\/v2\/types\/post"}],"author":[{"embeddable":true,"href":"https:\/\/acuiferoguarani.org\/pt\/wp-json\/wp\/v2\/users\/1"}],"replies":[{"embeddable":true,"href":"https:\/\/acuiferoguarani.org\/pt\/wp-json\/wp\/v2\/comments?post=887"}],"version-history":[{"count":1,"href":"https:\/\/acuiferoguarani.org\/pt\/wp-json\/wp\/v2\/posts\/887\/revisions"}],"predecessor-version":[{"id":889,"href":"https:\/\/acuiferoguarani.org\/pt\/wp-json\/wp\/v2\/posts\/887\/revisions\/889"}],"wp:featuredmedia":[{"embeddable":true,"href":"https:\/\/acuiferoguarani.org\/pt\/wp-json\/wp\/v2\/media\/888"}],"wp:attachment":[{"href":"https:\/\/acuiferoguarani.org\/pt\/wp-json\/wp\/v2\/media?parent=887"}],"wp:term":[{"taxonomy":"category","embeddable":true,"href":"https:\/\/acuiferoguarani.org\/pt\/wp-json\/wp\/v2\/categories?post=887"},{"taxonomy":"post_tag","embeddable":true,"href":"https:\/\/acuiferoguarani.org\/pt\/wp-json\/wp\/v2\/tags?post=887"}],"curies":[{"name":"wp","href":"https:\/\/api.w.org\/{rel}","templated":true}]}}