{"id":908,"date":"2025-04-27T21:20:23","date_gmt":"2025-04-27T21:20:23","guid":{"rendered":"https:\/\/acuiferoguarani.org\/?p=908"},"modified":"2025-04-27T21:20:24","modified_gmt":"2025-04-27T21:20:24","slug":"nueva-movilizacion-en-torno-al-desarrollo-de-la-cooperacion-del-sistema-acuifero-guarani-brasil-ratifica-acuerdo-firmado-con-argentina-paraguay-y-uruguay","status":"publish","type":"post","link":"https:\/\/acuiferoguarani.org\/pt\/nueva-movilizacion-en-torno-al-desarrollo-de-la-cooperacion-del-sistema-acuifero-guarani-brasil-ratifica-acuerdo-firmado-con-argentina-paraguay-y-uruguay\/","title":{"rendered":"Nueva movilizaci\u00f3n en torno al desarrollo de la cooperaci\u00f3n del Sistema Acu\u00edfero Guaran\u00ed: Brasil ratifica Acuerdo firmado con Argentina, Paraguay y Uruguay"},"content":{"rendered":"<p>El gobierno federal brasile\u00f1o ha promulgado un trascendental acuerdo internacional mediante un decreto publicado en la Gaceta Oficial de la Uni\u00f3n el pasado mi\u00e9rcoles 24 de enero. Firmado inicialmente en 2010 por Brasil, Argentina, Uruguay y Paraguay, el acuerdo aborda la gesti\u00f3n compartida del acu\u00edfero Guaran\u00ed, vital para los cuatro pa\u00edses. El presidente Luis Ignacio Lula da Silva ratific\u00f3 el decreto 11.893, resaltando la soberan\u00eda de cada naci\u00f3n sobre sus respectivas porciones del acu\u00edfero. El acuerdo enfatiza el uso racional y sostenible, la conservaci\u00f3n ambiental y la obligaci\u00f3n de informar sobre actividades que puedan afectar el acu\u00edfero. Adem\u00e1s, contempla la resoluci\u00f3n de disputas mediante instancias superiores.&nbsp;<\/p>\n\n\n\n<p>El proceso que condujo a la promulgaci\u00f3n del acuerdo fue destacado por Claudia Ferreira Lima, analista ambiental del Ministerio de Medio Ambiente y Cambio Clim\u00e1tico de Brasil, quien expres\u00f3: \u00abLa publicaci\u00f3n del decreto de promulgaci\u00f3n del acuerdo fue la culminaci\u00f3n de un proceso que se inici\u00f3 en el primer proyecto PSAG, que sent\u00f3 las bases t\u00e9cnicas para el acuerdo, y m\u00e1s que eso propici\u00f3 un enorme aumento del conocimiento y percepci\u00f3n por parte de la sociedad sobre qu\u00e9 es un acu\u00edfero y la importancia de las aguas subterr\u00e1neas.\u00bb&nbsp;<\/p>\n\n\n\n<p>En l\u00ednea con esto, Claudia Ferreira Lima, en su calidad de coordinadora nacional del proyecto, enfatiz\u00f3 durante una intervenci\u00f3n desde la Delegaci\u00f3n Brasile\u00f1a: \u00abEl Acu\u00edfero Guarani y el decreto son la propaganda del agua subterr\u00e1nea, nuestra ventana al mundo. Y adem\u00e1s, el proyecto actual vino para coronar todo ese proceso, porque trajo nuevas perspectivas para ampliar el programa de acciones estrat\u00e9gicas que se llev\u00f3 a cabo en el proyecto anterior.\u00bb&nbsp;<\/p>\n\n\n\n<p>Estas observaciones subrayan la importancia del proyecto PSAG en la preparaci\u00f3n del terreno para el acuerdo y resaltan el impacto positivo que ha tenido en la conciencia p\u00fablica sobre la relevancia de los recursos h\u00eddricos subterr\u00e1neos. &nbsp;<\/p>\n\n\n\n<p>El reciente decreto brasile\u00f1o para la gesti\u00f3n del Acu\u00edfero Guaran\u00ed, en l\u00ednea con el Proyecto de Porte Medio Implementaci\u00f3n del Programa de Acciones Estrat\u00e9gicas (PAE), marca un hito significativo<\/p>\n\n\n\n<p>Miguel Doria, Especialista Regional del Programa Hidrol\u00f3gico Intergubernamental para Am\u00e9rica Latina y el Caribe de UNESCO<\/p>\n\n\n\n<h2 class=\"wp-block-heading\">Nuevos avances en torno a la gesti\u00f3n transfronteriza<\/h2>\n\n\n\n<p>Pilar Villar, Especialista Jur\u00eddica del Proyecto de Porte Medio de la UNESCO para el Sistema Acu\u00edfero Guaran\u00ed, coment\u00f3: \u00abEste decreto es el resultado de una nueva movilizaci\u00f3n en torno al Acu\u00edfero Guaran\u00ed, impulsada por el proyecto de mediano porte. &nbsp;El Proyecto busca revisar acciones estrat\u00e9gicas, establecer protocolos comunes y monitoreo integrado, en consonancia con lo que plantea este Acuerdo\u201d, se\u00f1ala Villar.&nbsp;&nbsp;<\/p>\n\n\n\n<p>El acuerdo del Guaran\u00ed, en su art\u00edculo 12, insta a la cooperaci\u00f3n para ampliar el conocimiento sobre el sistema. \u201cLa firma permite a los pa\u00edses buscar nuevas acciones de cooperaci\u00f3n. Brasil ratifica su compromiso, comunicando oficialmente su entrada en vigor en noviembre de 2020. La implicancia pr\u00e1ctica depende ahora de las acciones de los pa\u00edses involucrados\u00bb, destac\u00f3 Villar.&nbsp;<\/p>\n\n\n\n<p>El Hidr\u00f3logo Regional de la UNESCO, Miguel Doria, destac\u00f3 que la promulgaci\u00f3n de este acuerdo refuerza la colaboraci\u00f3n para la gesti\u00f3n sostenible del vital recurso compartido del Acu\u00edfero Guaran\u00ed. \u201cEl reciente decreto brasile\u00f1o para la gesti\u00f3n del Acu\u00edfero Guaran\u00ed, en l\u00ednea con el Proyecto de Porte Medio Implementaci\u00f3n del Programa de Acciones Estrat\u00e9gicas (PAE), marca un hito significativo\u201d, destac\u00f3 Doria. El proyecto busca poner en marcha marcos de coordinaci\u00f3n t\u00e9cnica y herramientas de gesti\u00f3n regional para la implementaci\u00f3n coordinada de acciones prioritarias a nivel nacional. El objetivo es garantizar la sostenibilidad a largo plazo del Acu\u00edfero Guaran\u00ed, considerando los impactos de futuros escenarios clim\u00e1ticos, la protecci\u00f3n de servicios ecosist\u00e9micos y la promoci\u00f3n de la igualdad de g\u00e9nero y el empoderamiento de la mujer.&nbsp;<\/p>\n\n\n\n<p>Respaldado por la UNESCO, el programa incluye una metodolog\u00eda que involucra dos comit\u00e9s para resolver desaf\u00edos t\u00e9cnicos, fomentando el di\u00e1logo entre los pa\u00edses y presentando propuestas para la toma de decisiones. Esta iniciativa promete mejorar la gesti\u00f3n y la cooperaci\u00f3n internacional para enfrentar los desaf\u00edos h\u00eddricos compartidos.&nbsp;<\/p>\n\n\n\n<p>El di\u00e1logo e intercambio entre los pa\u00edses nos permite definir conjuntamente las prioridades y pasos para la actualizaci\u00f3n del PAE, avanzando con determinaci\u00f3n en la gesti\u00f3n transfronteriza del Acu\u00edfero Guaran\u00ed. Este enfoque integral refleja un compromiso s\u00f3lido para abordar los desaf\u00edos y avanzar hacia la gesti\u00f3n sostenible de este recurso compartido esencial.&nbsp;<\/p>\n\n\n\n<p>Ricardo Burg, Coordinador T\u00e9cnico Internacional del Proyecto de Porte Medio de la UNESCO para el Sistema Acu\u00edfero Guaran\u00ed.<\/p>","protected":false},"excerpt":{"rendered":"<p>El gobierno federal brasile\u00f1o ha promulgado un trascendental acuerdo internacional mediante un decreto publicado en la Gaceta Oficial de la [&hellip;]<\/p>","protected":false},"author":1,"featured_media":909,"comment_status":"closed","ping_status":"closed","sticky":false,"template":"","format":"standard","meta":{"site-sidebar-layout":"default","site-content-layout":"","ast-site-content-layout":"default","site-content-style":"default","site-sidebar-style":"default","ast-global-header-display":"","ast-banner-title-visibility":"","ast-main-header-display":"","ast-hfb-above-header-display":"","ast-hfb-below-header-display":"","ast-hfb-mobile-header-display":"","site-post-title":"","ast-breadcrumbs-content":"","ast-featured-img":"","footer-sml-layout":"","ast-disable-related-posts":"","theme-transparent-header-meta":"","adv-header-id-meta":"","stick-header-meta":"","header-above-stick-meta":"","header-main-stick-meta":"","header-below-stick-meta":"","astra-migrate-meta-layouts":"default","ast-page-background-enabled":"default","ast-page-background-meta":{"desktop":{"background-color":"var(--ast-global-color-5)","background-image":"","background-repeat":"repeat","background-position":"center center","background-size":"auto","background-attachment":"scroll","background-type":"","background-media":"","overlay-type":"","overlay-color":"","overlay-opacity":"","overlay-gradient":""},"tablet":{"background-color":"","background-image":"","background-repeat":"repeat","background-position":"center center","background-size":"auto","background-attachment":"scroll","background-type":"","background-media":"","overlay-type":"","overlay-color":"","overlay-opacity":"","overlay-gradient":""},"mobile":{"background-color":"","background-image":"","background-repeat":"repeat","background-position":"center center","background-size":"auto","background-attachment":"scroll","background-type":"","background-media":"","overlay-type":"","overlay-color":"","overlay-opacity":"","overlay-gradient":""}},"ast-content-background-meta":{"desktop":{"background-color":"var(--ast-global-color-4)","background-image":"","background-repeat":"repeat","background-position":"center center","background-size":"auto","background-attachment":"scroll","background-type":"","background-media":"","overlay-type":"","overlay-color":"","overlay-opacity":"","overlay-gradient":""},"tablet":{"background-color":"var(--ast-global-color-4)","background-image":"","background-repeat":"repeat","background-position":"center center","background-size":"auto","background-attachment":"scroll","background-type":"","background-media":"","overlay-type":"","overlay-color":"","overlay-opacity":"","overlay-gradient":""},"mobile":{"background-color":"var(--ast-global-color-4)","background-image":"","background-repeat":"repeat","background-position":"center center","background-size":"auto","background-attachment":"scroll","background-type":"","background-media":"","overlay-type":"","overlay-color":"","overlay-opacity":"","overlay-gradient":""}},"footnotes":""},"categories":[7,10,9,8],"tags":[],"class_list":["post-908","post","type-post","status-publish","format-standard","has-post-thumbnail","hentry","category-argentina","category-brasil","category-paraguay","category-uruguay"],"_links":{"self":[{"href":"https:\/\/acuiferoguarani.org\/pt\/wp-json\/wp\/v2\/posts\/908","targetHints":{"allow":["GET"]}}],"collection":[{"href":"https:\/\/acuiferoguarani.org\/pt\/wp-json\/wp\/v2\/posts"}],"about":[{"href":"https:\/\/acuiferoguarani.org\/pt\/wp-json\/wp\/v2\/types\/post"}],"author":[{"embeddable":true,"href":"https:\/\/acuiferoguarani.org\/pt\/wp-json\/wp\/v2\/users\/1"}],"replies":[{"embeddable":true,"href":"https:\/\/acuiferoguarani.org\/pt\/wp-json\/wp\/v2\/comments?post=908"}],"version-history":[{"count":1,"href":"https:\/\/acuiferoguarani.org\/pt\/wp-json\/wp\/v2\/posts\/908\/revisions"}],"predecessor-version":[{"id":910,"href":"https:\/\/acuiferoguarani.org\/pt\/wp-json\/wp\/v2\/posts\/908\/revisions\/910"}],"wp:featuredmedia":[{"embeddable":true,"href":"https:\/\/acuiferoguarani.org\/pt\/wp-json\/wp\/v2\/media\/909"}],"wp:attachment":[{"href":"https:\/\/acuiferoguarani.org\/pt\/wp-json\/wp\/v2\/media?parent=908"}],"wp:term":[{"taxonomy":"category","embeddable":true,"href":"https:\/\/acuiferoguarani.org\/pt\/wp-json\/wp\/v2\/categories?post=908"},{"taxonomy":"post_tag","embeddable":true,"href":"https:\/\/acuiferoguarani.org\/pt\/wp-json\/wp\/v2\/tags?post=908"}],"curies":[{"name":"wp","href":"https:\/\/api.w.org\/{rel}","templated":true}]}}