{"id":939,"date":"2025-04-28T01:05:00","date_gmt":"2025-04-28T01:05:00","guid":{"rendered":"https:\/\/acuiferoguarani.org\/?p=939"},"modified":"2025-04-28T01:05:01","modified_gmt":"2025-04-28T01:05:01","slug":"la-unesco-refuerza-la-importancia-de-la-cooperacion-para-el-acuifero-guarani","status":"publish","type":"post","link":"https:\/\/acuiferoguarani.org\/pt\/la-unesco-refuerza-la-importancia-de-la-cooperacion-para-el-acuifero-guarani\/","title":{"rendered":"La UNESCO refuerza la importancia de la cooperaci\u00f3n para el Acu\u00edfero Guaran\u00ed"},"content":{"rendered":"<p>La Unesco reforz\u00f3 la importancia de las alianzas y la cooperaci\u00f3n a partir del Proyecto Guaran\u00ed, que marca la implementaci\u00f3n del Programa Estrat\u00e9gico de Acci\u00f3n del Acu\u00edfero Guaran\u00ed, uno de los mayores reservorios de agua dulce del mundo.<\/p>\n\n\n\n<p>Argentina, Brasil, Uruguay y Paraguay \u00abhan dado pasos muy grandes en los \u00faltimos 20 a\u00f1os\u00bb en el desarrollo y implementaci\u00f3n de un plan de acci\u00f3n estrat\u00e9gica para el acu\u00edfero, dijo a EFE Miguel Doria, asesor del Programa Hidrol\u00f3gico Internacional (PHI-UNESCO) para Am\u00e9rica Latina y el Caribe.<\/p>\n\n\n\n<p>No obstante, Doria advirti\u00f3 que a pesar de los avances, \u00abtodav\u00eda hay mucho por hacer\u00bb y, en ese sentido, subray\u00f3 que se requiere un conocimiento m\u00e1s profundizado de este \u00abextens\u00edsimo\u00bb sistema de acu\u00edferos y de lo que cada pa\u00eds \u00absoberano\u00bb hace de ese recurso.<\/p>\n\n\n\n<p>Fortaleciendo mecanismos de cooperaci\u00f3n, los pa\u00edses han designado coordinadores nacionales del proyecto, que tienen un rol central en su ejecuci\u00f3n, en la cual participa el Banco de Desarrollo de Am\u00e9rica Latina-CAF.<\/p>\n\n\n\n<p>El proyecto cuenta con el financiamiento del Fondo para el Medio Ambiente Mundial (FMAM\/GEF).<\/p>\n\n\n\n<p>\u00abOtro componente es el del conocimiento t\u00e9cnico y estudio cient\u00edfico a nivel de cantidad y calidad, con muestras para determinar la calidad del agua subterr\u00e1nea en el tiempo\u00bb en puntos llave del mill\u00f3n de kil\u00f3metros cuadrados del acu\u00edfero, agreg\u00f3.<\/p>\n\n\n\n<p>Y un tercer componente para la implementaci\u00f3n del plan, apunt\u00f3 Doria, \u00abes el del cambio clim\u00e1tico y todo el contexto ambiental\u00bb para \u00abgestionar adecuadamente este tipo de recursos\u00bb.<\/p>\n\n\n\n<p>El programa fue propuesto por los cuatro pa\u00edses entre 2003 y 2009 y ahora, 20 a\u00f1os despu\u00e9s de su inicio, forma parte de la plataforma global de Gesti\u00f3n de Recursos Acu\u00edferos Compartidos Internacionalmente (ISARM, por su sigla en ingl\u00e9s), que ha inspirado a varios pa\u00edses a explorar procesos similares.<\/p>\n\n\n\n<p>Con el respaldo de la Organizaci\u00f3n de las Naciones Unidas para la Educaci\u00f3n, la Ciencia y la Cultura (Unesco), el programa contempla una metodolog\u00eda que involucra dos comit\u00e9s para la resoluci\u00f3n de desaf\u00edos t\u00e9cnicos en la gesti\u00f3n del acu\u00edfero, generando un espacio de di\u00e1logo entre los pa\u00edses y llevando propuestas para la toma de decisiones.<\/p>\n\n\n\n<p><strong>Un a\u00f1o de avances<\/strong><\/p>\n\n\n\n<p>En 2023, la estrategia de trabajo conjunto para el acu\u00edfero Guaran\u00ed fue abordada en varias instancias, como el seminario internacional de Recursos H\u00eddricos de Goi\u00e2nia y el Foro Latinoamericano del Agua, en Aracaju, ambos en Brasil y con participaci\u00f3n de la Unesco.<\/p>\n\n\n\n<p>Doria record\u00f3 que las \u00abaguas subterr\u00e1neas transfronterizas\u00bb, como el acu\u00edfero Guaran\u00ed, son estudiadas en la regi\u00f3n desde hace d\u00e9cadas por organismos p\u00fablicos, privados y universidades.<\/p>\n\n\n\n<p>Esos estudios avanzados contemplan fen\u00f3menos como el cambio clim\u00e1tico o la sequ\u00eda, pero tambi\u00e9n aspectos como el crecimiento demogr\u00e1fico, econ\u00f3micos y pol\u00edticos, a\u00f1adi\u00f3 el hidr\u00f3logo portugu\u00e9s y doctor en Ciencias Ambientales.<\/p>\n\n\n\n<p>\u00abEs entender mejor la forma en que est\u00e1n siendo manejados estos recursos en uno de los primeros acu\u00edferos del mundo en alcanzar un tratado espec\u00edfico para sus aguas subterr\u00e1neas\u00bb, resalt\u00f3 Doria.<\/p>\n\n\n\n<p>El foro de Aracaju, del que Doria fue vicepresidente en noviembre pasado, reafirm\u00f3 el compromiso de \u00abproteger\u00bb el acu\u00edfero a trav\u00e9s del \u00abdialogo permanente sobre el agua a nivel cient\u00edfico y de expertos y con gestores tambi\u00e9n del Gobierno\u00bb.<\/p>\n\n\n\n<p>\u00abUn paso m\u00e1s en esa direcci\u00f3n es el de fortalecer los v\u00ednculos para menguar el impacto de las sequ\u00edas extremas de los \u00faltimos diez a\u00f1os\u00bb, como las vividas por otros acu\u00edferos de la regi\u00f3n (Amazonas, Plata y Paran\u00e1), apunt\u00f3.<\/p>","protected":false},"excerpt":{"rendered":"<p>La Unesco reforz\u00f3 la importancia de las alianzas y la cooperaci\u00f3n a partir del Proyecto Guaran\u00ed, que marca la implementaci\u00f3n [&hellip;]<\/p>","protected":false},"author":1,"featured_media":940,"comment_status":"closed","ping_status":"closed","sticky":false,"template":"","format":"standard","meta":{"site-sidebar-layout":"default","site-content-layout":"","ast-site-content-layout":"default","site-content-style":"default","site-sidebar-style":"default","ast-global-header-display":"","ast-banner-title-visibility":"","ast-main-header-display":"","ast-hfb-above-header-display":"","ast-hfb-below-header-display":"","ast-hfb-mobile-header-display":"","site-post-title":"","ast-breadcrumbs-content":"","ast-featured-img":"","footer-sml-layout":"","ast-disable-related-posts":"","theme-transparent-header-meta":"","adv-header-id-meta":"","stick-header-meta":"","header-above-stick-meta":"","header-main-stick-meta":"","header-below-stick-meta":"","astra-migrate-meta-layouts":"default","ast-page-background-enabled":"default","ast-page-background-meta":{"desktop":{"background-color":"var(--ast-global-color-5)","background-image":"","background-repeat":"repeat","background-position":"center center","background-size":"auto","background-attachment":"scroll","background-type":"","background-media":"","overlay-type":"","overlay-color":"","overlay-opacity":"","overlay-gradient":""},"tablet":{"background-color":"","background-image":"","background-repeat":"repeat","background-position":"center center","background-size":"auto","background-attachment":"scroll","background-type":"","background-media":"","overlay-type":"","overlay-color":"","overlay-opacity":"","overlay-gradient":""},"mobile":{"background-color":"","background-image":"","background-repeat":"repeat","background-position":"center center","background-size":"auto","background-attachment":"scroll","background-type":"","background-media":"","overlay-type":"","overlay-color":"","overlay-opacity":"","overlay-gradient":""}},"ast-content-background-meta":{"desktop":{"background-color":"var(--ast-global-color-4)","background-image":"","background-repeat":"repeat","background-position":"center center","background-size":"auto","background-attachment":"scroll","background-type":"","background-media":"","overlay-type":"","overlay-color":"","overlay-opacity":"","overlay-gradient":""},"tablet":{"background-color":"var(--ast-global-color-4)","background-image":"","background-repeat":"repeat","background-position":"center center","background-size":"auto","background-attachment":"scroll","background-type":"","background-media":"","overlay-type":"","overlay-color":"","overlay-opacity":"","overlay-gradient":""},"mobile":{"background-color":"var(--ast-global-color-4)","background-image":"","background-repeat":"repeat","background-position":"center center","background-size":"auto","background-attachment":"scroll","background-type":"","background-media":"","overlay-type":"","overlay-color":"","overlay-opacity":"","overlay-gradient":""}},"footnotes":""},"categories":[13],"tags":[],"class_list":["post-939","post","type-post","status-publish","format-standard","has-post-thumbnail","hentry","category-externas"],"_links":{"self":[{"href":"https:\/\/acuiferoguarani.org\/pt\/wp-json\/wp\/v2\/posts\/939","targetHints":{"allow":["GET"]}}],"collection":[{"href":"https:\/\/acuiferoguarani.org\/pt\/wp-json\/wp\/v2\/posts"}],"about":[{"href":"https:\/\/acuiferoguarani.org\/pt\/wp-json\/wp\/v2\/types\/post"}],"author":[{"embeddable":true,"href":"https:\/\/acuiferoguarani.org\/pt\/wp-json\/wp\/v2\/users\/1"}],"replies":[{"embeddable":true,"href":"https:\/\/acuiferoguarani.org\/pt\/wp-json\/wp\/v2\/comments?post=939"}],"version-history":[{"count":1,"href":"https:\/\/acuiferoguarani.org\/pt\/wp-json\/wp\/v2\/posts\/939\/revisions"}],"predecessor-version":[{"id":941,"href":"https:\/\/acuiferoguarani.org\/pt\/wp-json\/wp\/v2\/posts\/939\/revisions\/941"}],"wp:featuredmedia":[{"embeddable":true,"href":"https:\/\/acuiferoguarani.org\/pt\/wp-json\/wp\/v2\/media\/940"}],"wp:attachment":[{"href":"https:\/\/acuiferoguarani.org\/pt\/wp-json\/wp\/v2\/media?parent=939"}],"wp:term":[{"taxonomy":"category","embeddable":true,"href":"https:\/\/acuiferoguarani.org\/pt\/wp-json\/wp\/v2\/categories?post=939"},{"taxonomy":"post_tag","embeddable":true,"href":"https:\/\/acuiferoguarani.org\/pt\/wp-json\/wp\/v2\/tags?post=939"}],"curies":[{"name":"wp","href":"https:\/\/api.w.org\/{rel}","templated":true}]}}